{"id":23683,"date":"2014-02-27T21:25:47","date_gmt":"2014-02-27T18:25:47","guid":{"rendered":"http:\/\/www.tucomarca.com\/wordpress\/segunda\/?p=23683"},"modified":"2014-02-27T21:25:47","modified_gmt":"2014-02-27T18:25:47","slug":"la-ribera-ha-formado-a-cerca-de-1-000-profesionales-en-el-uso-racional-de-medicamentos","status":"publish","type":"post","link":"https:\/\/www.tucomarca.com\/wordpress\/segunda\/la-ribera-ha-formado-a-cerca-de-1-000-profesionales-en-el-uso-racional-de-medicamentos\/","title":{"rendered":"La Ribera ha formado a cerca de 1.000 profesionales en el uso racional de medicamentos"},"content":{"rendered":"<figure id=\"attachment_23685\" aria-describedby=\"caption-attachment-23685\" style=\"width: 300px\" class=\"wp-caption alignleft\"><a href=\"https:\/\/www.tucomarca.com\/wordpress\/segunda\/wp-content\/uploads\/2014\/02\/La_Ribera.jpg\"><img loading=\"lazy\" decoding=\"async\" class=\"size-medium wp-image-23685\" title=\"La_Ribera\" src=\"https:\/\/www.tucomarca.com\/wordpress\/segunda\/wp-content\/uploads\/2014\/02\/La_Ribera-300x199.jpg\" alt=\"La Ribera ha formado a cerca de 1.000 profesionales en el uso racional de medicamentos.\" width=\"300\" height=\"199\" srcset=\"https:\/\/www.tucomarca.com\/wordpress\/segunda\/wp-content\/uploads\/2014\/02\/La_Ribera-300x199.jpg 300w, https:\/\/www.tucomarca.com\/wordpress\/segunda\/wp-content\/uploads\/2014\/02\/La_Ribera-1024x680.jpg 1024w, https:\/\/www.tucomarca.com\/wordpress\/segunda\/wp-content\/uploads\/2014\/02\/La_Ribera.jpg 2048w\" sizes=\"auto, (max-width: 300px) 100vw, 300px\" \/><\/a><figcaption id=\"caption-attachment-23685\" class=\"wp-caption-text\">La Ribera ha formado a cerca de 1.000 profesionales en el uso racional de medicamentos.<\/figcaption><\/figure>\n<p>El Departamento de Salud de La Ribera ha iniciado esta tarde la d\u00e9cima edici\u00f3n de sus Tardes Terap\u00e9uticas, un punto de encuentro, de debate y reflexi\u00f3n en torno al uso racional de los medicamentos, que cada a\u00f1o, re\u00fane a un centenar de profesionales y estudiantes en el Hospital Universitario de La Ribera. De hecho, desde el a\u00f1o que comenzaron a celebrarse estas sesiones, en 2004, cerca de 1.000 profesionales han participado en ellas.<\/p>\n<p>La edici\u00f3n de 2014 ha sido inaugurada esta tarde en el Sal\u00f3n de Actos del Hospital por el director gerente del Departamento de Salud de La Ribera, Manuel Mar\u00edn a la que han asistido m\u00e1s de 80 profesionales de diversos \u00e1mbitos,<\/p>\n<p>Estas Tardes Terap\u00e9uticas, que se celebran a lo largo de 4 sesiones durante todo el a\u00f1o, tratan de proporcionar a los profesionales informaci\u00f3n cient\u00edfica, contrastada e independiente de la industria farmac\u00e9utica, que permita realizar un uso razonable de los medicamentos y promover su utilizaci\u00f3n en t\u00e9rminos de eficacia y seguridad para mejorar la salud de la poblaci\u00f3n.<\/p>\n<p>La primera de estas sesiones, celebrada esta tarde, ha contado con destacados ponentes como el director general de Farmacia y Productos Sanitarios de la conselleria de Sanitat, Jos\u00e9 Luis Trillo, y la subdirectora general de Posicionamiento Terap\u00e9utico y Farmacoecon\u00f3mico, Rut Uso, quienes han centrado sus charlas en las pol\u00edticas de uso racional de medicamentos que lleva a cabo la administraci\u00f3n auton\u00f3mica, \u00aby dentro de las cuales juega un papel determinante la formaci\u00f3n continuada de las personas que participan en la prescripci\u00f3n de los productos farmac\u00e9uticos\u00bb.<\/p>\n<p>De este modo, seg\u00fan Jos\u00e9 Luis Trillo, \u00abes importante proporcionar al profesional sanitario herramientas de formaci\u00f3n continuada basada en las mejores evidencias disponibles, que le aporten informaci\u00f3n y apoyo durante la toma de decisiones\u00bb.<\/p>\n<p>Para el Director General de Farmacia, \u00abestas herramientas le permitir\u00e1n mejorar la calidad de la terapia farmacol\u00f3gica y realizar una correcta utilizaci\u00f3n de los medicamentos, evitando posibles errores o los efectos adversos derivados de los mismos\u00bb.<\/p>\n<p>Asimismo, esta sesi\u00f3n tambi\u00e9n ha contado con la presencia del Dr. Vicente Baos, miembro del Grupo de F\u00e1rmacos de la Sociedad Espa\u00f1ola de Medicina de Familia y Comunitaria (SEMFyC), y de la Dra. Mara Sempere, del Departamento de Salud de La Ribera, quienes han abordado la utilizaci\u00f3n de medicamentos, de forma razonable, en el tratamiento del dolor moderado-leve.<\/p>\n<p>El resto de sesiones previstas en esta d\u00e9cima edici\u00f3n de las Tardes Terap\u00e9uticas (previstas para los meses de junio, octubre y diciembre), estar\u00e1n especialmente dirigidas a sensibilizar a los profesionales sanitarios sobre la necesidad reflexionar en torno a los tratamientos no farmacol\u00f3gicos a la hora de recomendar o prescribir un medicamento para afrontar enfermedades como la osteoporosis, la fibromialgia, la demencia, la diabetes o la hipertensi\u00f3n. Asimismo, se incidir\u00e1 en la importancia de hacer part\u00edcipes a los pacientes en el control de sus enfermedades y en potenciar los h\u00e1bitos de vida saludable.<\/p>\n<p>Desde 2004, el Departamento de Salud de La Ribera ha llevado a cabo un total de 36 sesiones formativas dentro de este ciclo de Tardes Terap\u00e9uticas.<\/p>\n<p>&nbsp;<\/p>\n","protected":false},"excerpt":{"rendered":"<div class=\"mh-excerpt\">El Departamento de Salud de La Ribera ha iniciado esta tarde la d\u00e9cima edici\u00f3n de sus Tardes Terap\u00e9uticas, un punto de encuentro, de debate y reflexi\u00f3n en torno al uso racional de los medicamentos, que <a class=\"mh-excerpt-more\" href=\"https:\/\/www.tucomarca.com\/wordpress\/segunda\/la-ribera-ha-formado-a-cerca-de-1-000-profesionales-en-el-uso-racional-de-medicamentos\/\" title=\"La Ribera ha formado a cerca de 1.000 profesionales en el uso racional de medicamentos\">[+] <\/a><\/div>\n","protected":false},"author":1,"featured_media":23685,"comment_status":"open","ping_status":"open","sticky":false,"template":"","format":"standard","meta":{"footnotes":""},"categories":[119,8,42,3,45],"tags":[],"class_list":{"0":"post-23683","1":"post","2":"type-post","3":"status-publish","4":"format-standard","5":"has-post-thumbnail","7":"category-sanidad-la-comarca","8":"category-la-comarca","9":"category-la-ribera","10":"category-seccion","11":"category-ventana"},"_links":{"self":[{"href":"https:\/\/www.tucomarca.com\/wordpress\/segunda\/wp-json\/wp\/v2\/posts\/23683","targetHints":{"allow":["GET"]}}],"collection":[{"href":"https:\/\/www.tucomarca.com\/wordpress\/segunda\/wp-json\/wp\/v2\/posts"}],"about":[{"href":"https:\/\/www.tucomarca.com\/wordpress\/segunda\/wp-json\/wp\/v2\/types\/post"}],"author":[{"embeddable":true,"href":"https:\/\/www.tucomarca.com\/wordpress\/segunda\/wp-json\/wp\/v2\/users\/1"}],"replies":[{"embeddable":true,"href":"https:\/\/www.tucomarca.com\/wordpress\/segunda\/wp-json\/wp\/v2\/comments?post=23683"}],"version-history":[{"count":0,"href":"https:\/\/www.tucomarca.com\/wordpress\/segunda\/wp-json\/wp\/v2\/posts\/23683\/revisions"}],"wp:featuredmedia":[{"embeddable":true,"href":"https:\/\/www.tucomarca.com\/wordpress\/segunda\/wp-json\/wp\/v2\/media\/23685"}],"wp:attachment":[{"href":"https:\/\/www.tucomarca.com\/wordpress\/segunda\/wp-json\/wp\/v2\/media?parent=23683"}],"wp:term":[{"taxonomy":"category","embeddable":true,"href":"https:\/\/www.tucomarca.com\/wordpress\/segunda\/wp-json\/wp\/v2\/categories?post=23683"},{"taxonomy":"post_tag","embeddable":true,"href":"https:\/\/www.tucomarca.com\/wordpress\/segunda\/wp-json\/wp\/v2\/tags?post=23683"}],"curies":[{"name":"wp","href":"https:\/\/api.w.org\/{rel}","templated":true}]}}