{"id":23688,"date":"2014-02-27T21:29:40","date_gmt":"2014-02-27T18:29:40","guid":{"rendered":"http:\/\/www.tucomarca.com\/wordpress\/segunda\/?p=23688"},"modified":"2014-02-27T21:29:41","modified_gmt":"2014-02-27T18:29:41","slug":"las-vides-y-los-almendros-del-interior-valenciano-necesitaran-unas-reservas-de-humedad-en-las-proximas-semanas-que-la-tierra-no-tiene","status":"publish","type":"post","link":"https:\/\/www.tucomarca.com\/wordpress\/segunda\/las-vides-y-los-almendros-del-interior-valenciano-necesitaran-unas-reservas-de-humedad-en-las-proximas-semanas-que-la-tierra-no-tiene\/","title":{"rendered":"Las vides y los almendros del interior valenciano necesitar\u00e1n unas reservas de humedad en las pr\u00f3ximas semanas que la tierra no tiene"},"content":{"rendered":"<p>En la comarca Requena-Utiel est\u00e1 creando gran preocupaci\u00f3n entre los agricultores,  la sequ\u00eda que est\u00e1 padeciendo esta zona del interior de la provincia de Valencia,  que cada d\u00eda se acrecienta, porque las vides que son el principal cultivo de la comarca  est\u00e1n necesitando las lluvias; pues antes de un mes entrar\u00e1n en la fase del \u201clloro\u201d (inicio de la circulaci\u00f3n de la savia) y poco despu\u00e9s se producir\u00e1 la brotaci\u00f3n de las cepas. Seg\u00fan expertos en viticultura para que estas fases se produzcan de forma satisfactoria \u201cse necesita un m\u00ednimo de humedad que la tierra no tiene en estos momentos\u201d.<br \/>\nLa persistencia de vientos del oeste y del noroeste impide que se produzcan lluvias significativas en la zona; pues los frentes nubosos y borrascas que arrastran llegan muy debilitados a la comarca. Los \u00fanicos registros de lluvia un poco destacados, se produjeron los d\u00edas 25 de diciembre y 9 de febrero, con cantidades medias de agua de lluvia, igual para los dos d\u00edas, de en torno a los 25 litros por metro cuadrado. Estas cantidades \u201cresultan insuficientes a todas luces para el desarrollo normal de los cultivos agr\u00edcolas\u201d en opini\u00f3n de los agricultores.<br \/>\nLos viticultores comentan que \u201csi persiste la sequ\u00eda la brotaci\u00f3n de las vides ser\u00e1 poco en\u00e9rgica y por tanto dar\u00e1n escasas cosechas el pr\u00f3ximo a\u00f1o\u201d. \u201cNo obstante \u2013a\u00f1aden- mantenemos hasta el pr\u00f3ximo mes de abril ( uno de los m\u00e1s lluviosos) la esperanza de que cedan los vientos de poniente y faciliten la entrada de los de levante que, es m\u00e1s probable que traigan lluvias\u201d.<br \/>\nLos agricultores tambi\u00e9n muestran su preocupaci\u00f3n por los almendros; pues dicen que  \u201cse encuentran en el inicio de la floraci\u00f3n y tambi\u00e9n precisan de unas reservas de humedad que no tiene la tierra\u201d. Informa Luis Ib\u00e1\u00f1ez.<\/p>\n","protected":false},"excerpt":{"rendered":"<div class=\"mh-excerpt\">En la comarca Requena-Utiel est\u00e1 creando gran preocupaci\u00f3n entre los agricultores, la sequ\u00eda que est\u00e1 padeciendo esta zona del interior de la provincia de Valencia, que cada d\u00eda se acrecienta, porque las vides que son <a class=\"mh-excerpt-more\" href=\"https:\/\/www.tucomarca.com\/wordpress\/segunda\/las-vides-y-los-almendros-del-interior-valenciano-necesitaran-unas-reservas-de-humedad-en-las-proximas-semanas-que-la-tierra-no-tiene\/\" title=\"Las vides y los almendros del interior valenciano necesitar\u00e1n unas reservas de humedad en las pr\u00f3ximas semanas que la tierra no tiene\">[+] <\/a><\/div>\n","protected":false},"author":2,"featured_media":0,"comment_status":"open","ping_status":"open","sticky":false,"template":"","format":"standard","meta":{"footnotes":""},"categories":[8,27,3],"tags":[416,3484,3486,10387,2238,3485],"class_list":{"0":"post-23688","1":"post","2":"type-post","3":"status-publish","4":"format-standard","6":"category-la-comarca","7":"category-requena-utiel","8":"category-seccion","9":"tag-agua","10":"tag-almendros","11":"tag-interior-valenciano","12":"tag-requena-utiel","13":"tag-sequia","14":"tag-vides"},"_links":{"self":[{"href":"https:\/\/www.tucomarca.com\/wordpress\/segunda\/wp-json\/wp\/v2\/posts\/23688","targetHints":{"allow":["GET"]}}],"collection":[{"href":"https:\/\/www.tucomarca.com\/wordpress\/segunda\/wp-json\/wp\/v2\/posts"}],"about":[{"href":"https:\/\/www.tucomarca.com\/wordpress\/segunda\/wp-json\/wp\/v2\/types\/post"}],"author":[{"embeddable":true,"href":"https:\/\/www.tucomarca.com\/wordpress\/segunda\/wp-json\/wp\/v2\/users\/2"}],"replies":[{"embeddable":true,"href":"https:\/\/www.tucomarca.com\/wordpress\/segunda\/wp-json\/wp\/v2\/comments?post=23688"}],"version-history":[{"count":0,"href":"https:\/\/www.tucomarca.com\/wordpress\/segunda\/wp-json\/wp\/v2\/posts\/23688\/revisions"}],"wp:attachment":[{"href":"https:\/\/www.tucomarca.com\/wordpress\/segunda\/wp-json\/wp\/v2\/media?parent=23688"}],"wp:term":[{"taxonomy":"category","embeddable":true,"href":"https:\/\/www.tucomarca.com\/wordpress\/segunda\/wp-json\/wp\/v2\/categories?post=23688"},{"taxonomy":"post_tag","embeddable":true,"href":"https:\/\/www.tucomarca.com\/wordpress\/segunda\/wp-json\/wp\/v2\/tags?post=23688"}],"curies":[{"name":"wp","href":"https:\/\/api.w.org\/{rel}","templated":true}]}}