{"id":23694,"date":"2014-02-27T21:18:35","date_gmt":"2014-02-27T18:18:35","guid":{"rendered":"http:\/\/www.tucomarca.com\/wordpress\/segunda\/?p=23694"},"modified":"2014-02-27T21:18:35","modified_gmt":"2014-02-27T18:18:35","slug":"el-circuit-rinde-homenaje-al-pionero-del-motociclismo-paco-gonzalez-en-el-classics-and-legends","status":"publish","type":"post","link":"https:\/\/www.tucomarca.com\/wordpress\/segunda\/el-circuit-rinde-homenaje-al-pionero-del-motociclismo-paco-gonzalez-en-el-classics-and-legends\/","title":{"rendered":"El Circuit rinde homenaje al pionero del motociclismo Paco Gonz\u00e1lez en el Classics and Legends"},"content":{"rendered":"<p>El Circuit de la Comunitat Valenciana Ricardo Tormo homenajear\u00e1 al fallecido piloto Paco Gonz\u00e1lez, primer valenciano en conseguir un podio en un Gran Premio durante la celebraci\u00f3n del Classics and Legends este fin de semana.<\/p>\n<p>Durante un acto que tendr\u00e1 lugar el domingo a mediod\u00eda los hijos del Paco Gonz\u00e1lez inaugurar\u00e1n una Sala que desde ese momento llevar\u00e1 el nombre del piloto valenciano, nacido en Benifai\u00f3 1914 y que falleci\u00f3 en 2007.<\/p>\n<p>Paco Gonz\u00e1lez era popular en la ciudad de Valencia antes de ser piloto porque demostraba ser el m\u00e1s r\u00e1pido sobre dos ruedas en sus viajes de ida y vuelta a Madrid para recoger las listas de los n\u00fameros premiados en la loter\u00eda de navidad. Paco \u00abel de la Loter\u00eda\u00bb recorr\u00eda los 350 kil\u00f3metros de distancia por las carreteras de los a\u00f1os 50 en menos de cuatro horas.<\/p>\n<p>Como piloto consigui\u00f3 el t\u00edtulo nacional en 10 ocasiones en las categor\u00edas de 500cc, 350cc y 125cc y consigui\u00f3 subir al p\u00f3dium en el Gran Premio brit\u00e1nico en 1956 en Tourist Trophy de la Isla de Man en la categor\u00eda de 125cc.<\/p>\n<p>Adem\u00e1s de la denominaci\u00f3n de la sala, el Circuit celebrar\u00e1 el \u00abTrofeo Paco Gonz\u00e1lez\u00bb, una simulaci\u00f3n de carrera en la que participar\u00e1 el norteamericano Freddie Spencer junto con algunos pilotos profesionales como Carlos Card\u00fas o Pier Paolo Bianchi y otros amateur.<\/p>\n<p>Junto con la simulaci\u00f3n de carrera \u00abTrofeo Paco Gonz\u00e1lez\u00bb que celebrar\u00e1 dos salidas a la pista en la jornada del s\u00e1bado y otras dos el domingo, se ofrecer\u00e1n rodadas, carreras y exhibiciones en el trazado de Cheste desde las nueve de la ma\u00f1ana hasta las 18:30 del s\u00e1bado y de 9 a 18 horas en la jornada del domingo.<\/p>\n","protected":false},"excerpt":{"rendered":"<div class=\"mh-excerpt\">El Circuit de la Comunitat Valenciana Ricardo Tormo homenajear\u00e1 al fallecido piloto Paco Gonz\u00e1lez, primer valenciano en conseguir un podio en un Gran Premio durante la celebraci\u00f3n del Classics and Legends este fin de semana. <a class=\"mh-excerpt-more\" href=\"https:\/\/www.tucomarca.com\/wordpress\/segunda\/el-circuit-rinde-homenaje-al-pionero-del-motociclismo-paco-gonzalez-en-el-classics-and-legends\/\" title=\"El Circuit rinde homenaje al pionero del motociclismo Paco Gonz\u00e1lez en el Classics and Legends\">[+] <\/a><\/div>\n","protected":false},"author":2,"featured_media":0,"comment_status":"open","ping_status":"open","sticky":false,"template":"","format":"standard","meta":{"footnotes":""},"categories":[17,8,10,91,3],"tags":[621,778,3487,3488,1734],"class_list":{"0":"post-23694","1":"post","2":"type-post","3":"status-publish","4":"format-standard","6":"category-cheste","7":"category-la-comarca","8":"category-la-hoya","9":"category-motociclismo","10":"category-seccion","11":"tag-circuit","12":"tag-homenaje","13":"tag-paco-gonzalez","14":"tag-pionero","15":"tag-ricardo-tormo"},"_links":{"self":[{"href":"https:\/\/www.tucomarca.com\/wordpress\/segunda\/wp-json\/wp\/v2\/posts\/23694","targetHints":{"allow":["GET"]}}],"collection":[{"href":"https:\/\/www.tucomarca.com\/wordpress\/segunda\/wp-json\/wp\/v2\/posts"}],"about":[{"href":"https:\/\/www.tucomarca.com\/wordpress\/segunda\/wp-json\/wp\/v2\/types\/post"}],"author":[{"embeddable":true,"href":"https:\/\/www.tucomarca.com\/wordpress\/segunda\/wp-json\/wp\/v2\/users\/2"}],"replies":[{"embeddable":true,"href":"https:\/\/www.tucomarca.com\/wordpress\/segunda\/wp-json\/wp\/v2\/comments?post=23694"}],"version-history":[{"count":0,"href":"https:\/\/www.tucomarca.com\/wordpress\/segunda\/wp-json\/wp\/v2\/posts\/23694\/revisions"}],"wp:attachment":[{"href":"https:\/\/www.tucomarca.com\/wordpress\/segunda\/wp-json\/wp\/v2\/media?parent=23694"}],"wp:term":[{"taxonomy":"category","embeddable":true,"href":"https:\/\/www.tucomarca.com\/wordpress\/segunda\/wp-json\/wp\/v2\/categories?post=23694"},{"taxonomy":"post_tag","embeddable":true,"href":"https:\/\/www.tucomarca.com\/wordpress\/segunda\/wp-json\/wp\/v2\/tags?post=23694"}],"curies":[{"name":"wp","href":"https:\/\/api.w.org\/{rel}","templated":true}]}}