{"id":23696,"date":"2014-02-27T21:21:34","date_gmt":"2014-02-27T18:21:34","guid":{"rendered":"http:\/\/www.tucomarca.com\/wordpress\/segunda\/?p=23696"},"modified":"2014-02-27T21:21:34","modified_gmt":"2014-02-27T18:21:34","slug":"la-diputacion-de-valencia-evitara-desprendimientos-sobre-el-camino-de-acceso-al-rio-tuejar","status":"publish","type":"post","link":"https:\/\/www.tucomarca.com\/wordpress\/segunda\/la-diputacion-de-valencia-evitara-desprendimientos-sobre-el-camino-de-acceso-al-rio-tuejar\/","title":{"rendered":"La Diputaci\u00f3n de Valencia evitar\u00e1 desprendimientos sobre el camino de acceso al r\u00edo Tu\u00e9jar"},"content":{"rendered":"<figure id=\"attachment_23699\" aria-describedby=\"caption-attachment-23699\" style=\"width: 300px\" class=\"wp-caption alignleft\"><a href=\"https:\/\/www.tucomarca.com\/wordpress\/segunda\/wp-content\/uploads\/2014\/02\/Tuejar.jpg\"><img loading=\"lazy\" decoding=\"async\" class=\"size-medium wp-image-23699\" title=\"SONY DSC\" src=\"https:\/\/www.tucomarca.com\/wordpress\/segunda\/wp-content\/uploads\/2014\/02\/Tuejar-300x167.jpg\" alt=\"El diputado Enguix, el alcalde y el jefe de Medio Ambiente inspeccionan las obras.\" width=\"300\" height=\"167\" srcset=\"https:\/\/www.tucomarca.com\/wordpress\/segunda\/wp-content\/uploads\/2014\/02\/Tuejar-300x167.jpg 300w, https:\/\/www.tucomarca.com\/wordpress\/segunda\/wp-content\/uploads\/2014\/02\/Tuejar-1024x572.jpg 1024w\" sizes=\"auto, (max-width: 300px) 100vw, 300px\" \/><\/a><figcaption id=\"caption-attachment-23699\" class=\"wp-caption-text\">El diputado Enguix, el alcalde y el jefe de Medio Ambiente inspeccionan las obras.<\/figcaption><\/figure>\n<p>La Diputaci\u00f3n de Valencia pondr\u00e1 en marcha una serie de obras para evitar desprendimientos en la ladera del camino de acceso al nacimiento del r\u00edo Tu\u00e9jar, que sufre fuertes desprendimientos provocados por las lluvias.<\/p>\n<p>El diputado de Medio Ambiente, Salvador Enguix, junto al alcalde de la localidad, Francisco Javier Oltra, visitaron ayer la zona. Oltra le\u00a0 mostr\u00f3 al responsable provincial los efectos de las lluvias del invierno pasado sobre la media ladera anexada a la partida del Azud \u2013que llega hasta el nacimiento del r\u00edo-, que se concretan en \u201cun abarrancamiento del camino, as\u00ed como fuertes desprendimientos de tierra y roca\u201d.<\/p>\n<p>\u201cHemos tenido que cortar el camino puesto que ten\u00eda mucho tr\u00e1nsito de vecinos y visitantes los fines de semana\u201d, ha informado el primer edil, al tiempo que ha asegurado que el derrumbe \u201ctambi\u00e9n ha roto unas tuber\u00edas de agua que serv\u00edan para abastecer al ganado de la zona, por lo que tuvimos que realizar una conducci\u00f3n de agua nueva de forma urgente.<\/p>\n<p>As\u00ed, Oltra ha solicitado ayuda a la corporaci\u00f3n provincial para eliminar la tierra del camino, canalizar las aguas para que no se vuelva a repetir el derrumbamiento y ataluzar el monte.<\/p>\n<p><strong>Inicio de obras<\/strong><\/p>\n<p>En este sentido, Enguix ha comentado que \u201cindependientemente de que el ayuntamiento haya cerrado el paso al camino, sigue transitando gente, por lo que el ayuntamiento ha entregado una memoria del proyecto con el que colaborar\u00e1 la Diputaci\u00f3n de Valencia\u201d. \u201cPronto se iniciar\u00e1n los tr\u00e1mites para llevar adelante esta actuaci\u00f3n\u201d, ha puntualizado.<\/p>\n<p>\u201cLa corporaci\u00f3n provincial \u2013ha aseverado- mantiene este a\u00f1o la partida de eliminaci\u00f3n de riesgos geol\u00f3gicos para garantizar la seguridad ciudadana, retener la erosi\u00f3n del terreno y crear elementos paisaj\u00edsticos mediante la regeneraci\u00f3n de las zonas erosionadas\u201d.<\/p>\n<p>&nbsp;<\/p>\n","protected":false},"excerpt":{"rendered":"<div class=\"mh-excerpt\">La Diputaci\u00f3n de Valencia pondr\u00e1 en marcha una serie de obras para evitar desprendimientos en la ladera del camino de acceso al nacimiento del r\u00edo Tu\u00e9jar, que sufre fuertes desprendimientos provocados por las lluvias. El <a class=\"mh-excerpt-more\" href=\"https:\/\/www.tucomarca.com\/wordpress\/segunda\/la-diputacion-de-valencia-evitara-desprendimientos-sobre-el-camino-de-acceso-al-rio-tuejar\/\" title=\"La Diputaci\u00f3n de Valencia evitar\u00e1 desprendimientos sobre el camino de acceso al r\u00edo Tu\u00e9jar\">[+] <\/a><\/div>\n","protected":false},"author":1,"featured_media":23699,"comment_status":"open","ping_status":"open","sticky":false,"template":"","format":"standard","meta":{"footnotes":""},"categories":[128,8,59,3,134,45],"tags":[],"class_list":{"0":"post-23696","1":"post","2":"type-post","3":"status-publish","4":"format-standard","5":"has-post-thumbnail","7":"category-infraestructuras","8":"category-la-comarca","9":"category-los-serranos","10":"category-seccion","11":"category-tuejar","12":"category-ventana"},"_links":{"self":[{"href":"https:\/\/www.tucomarca.com\/wordpress\/segunda\/wp-json\/wp\/v2\/posts\/23696","targetHints":{"allow":["GET"]}}],"collection":[{"href":"https:\/\/www.tucomarca.com\/wordpress\/segunda\/wp-json\/wp\/v2\/posts"}],"about":[{"href":"https:\/\/www.tucomarca.com\/wordpress\/segunda\/wp-json\/wp\/v2\/types\/post"}],"author":[{"embeddable":true,"href":"https:\/\/www.tucomarca.com\/wordpress\/segunda\/wp-json\/wp\/v2\/users\/1"}],"replies":[{"embeddable":true,"href":"https:\/\/www.tucomarca.com\/wordpress\/segunda\/wp-json\/wp\/v2\/comments?post=23696"}],"version-history":[{"count":0,"href":"https:\/\/www.tucomarca.com\/wordpress\/segunda\/wp-json\/wp\/v2\/posts\/23696\/revisions"}],"wp:featuredmedia":[{"embeddable":true,"href":"https:\/\/www.tucomarca.com\/wordpress\/segunda\/wp-json\/wp\/v2\/media\/23699"}],"wp:attachment":[{"href":"https:\/\/www.tucomarca.com\/wordpress\/segunda\/wp-json\/wp\/v2\/media?parent=23696"}],"wp:term":[{"taxonomy":"category","embeddable":true,"href":"https:\/\/www.tucomarca.com\/wordpress\/segunda\/wp-json\/wp\/v2\/categories?post=23696"},{"taxonomy":"post_tag","embeddable":true,"href":"https:\/\/www.tucomarca.com\/wordpress\/segunda\/wp-json\/wp\/v2\/tags?post=23696"}],"curies":[{"name":"wp","href":"https:\/\/api.w.org\/{rel}","templated":true}]}}