{"id":23704,"date":"2014-02-27T21:27:05","date_gmt":"2014-02-27T18:27:05","guid":{"rendered":"http:\/\/www.tucomarca.com\/wordpress\/segunda\/?p=23704"},"modified":"2014-02-27T21:27:30","modified_gmt":"2014-02-27T18:27:30","slug":"chella-organiza-la-xix-subida-al-terrero","status":"publish","type":"post","link":"https:\/\/www.tucomarca.com\/wordpress\/segunda\/chella-organiza-la-xix-subida-al-terrero\/","title":{"rendered":"Chella organiza la XIX subida al Terrero"},"content":{"rendered":"<figure id=\"attachment_23705\" aria-describedby=\"caption-attachment-23705\" style=\"width: 213px\" class=\"wp-caption alignleft\"><a href=\"https:\/\/www.tucomarca.com\/wordpress\/segunda\/wp-content\/uploads\/2014\/02\/Subidaalterrero_Chella.jpg\"><img loading=\"lazy\" decoding=\"async\" class=\"size-medium wp-image-23705\" title=\"Subidaalterrero_Chella\" src=\"https:\/\/www.tucomarca.com\/wordpress\/segunda\/wp-content\/uploads\/2014\/02\/Subidaalterrero_Chella-213x300.jpg\" alt=\"Cartel de la subida al Terrero.\" width=\"213\" height=\"300\" srcset=\"https:\/\/www.tucomarca.com\/wordpress\/segunda\/wp-content\/uploads\/2014\/02\/Subidaalterrero_Chella-213x300.jpg 213w, https:\/\/www.tucomarca.com\/wordpress\/segunda\/wp-content\/uploads\/2014\/02\/Subidaalterrero_Chella.jpg 568w\" sizes=\"auto, (max-width: 213px) 100vw, 213px\" \/><\/a><figcaption id=\"caption-attachment-23705\" class=\"wp-caption-text\">Cartel de la subida al Terrero.<\/figcaption><\/figure>\n<p>El municipio de Chella celebra el pr\u00f3ximo s\u00e1bado 1 de marzo la XIX edici\u00f3n de la famosa subida al Terrero y cuyos beneficios ir\u00e1n destinados a la asociaci\u00f3n \u2018Las Ilusiones de Ra\u00fal\u2019, una agrupaci\u00f3n que lucha por erradicar la enfermedad \u2018rara\u2019 de Dravet.<\/p>\n<p>El ayuntamiento de la localidad de La Canal de Navarr\u00e9s organiza este tradicional evento junto a la pe\u00f1a de atletismo Garra de Jugar de Chella, que trabaja diariamente para superar el nivel de la cita deportiva.<\/p>\n<p>Como cada a\u00f1o, la subida al Terrero contar\u00e1 con dos categor\u00edas de participaci\u00f3n, la infantil, que comenzar\u00e1 a las 16:00 horas, y la \u2018carrera absoluta\u2019, prevista para las 5 de la tarde.<\/p>\n<p>Con una distancia de 8,4 kil\u00f3metros, la carrera saldr\u00e1 de la Plaza Adolfo Gim\u00e9nez del R\u00edo de Chella y el precio de inscripci\u00f3n ser\u00e1 de 3,60 euros, mientras que la categor\u00eda infantil no tendr\u00e1 coste alguno.<\/p>\n<p><strong>S\u00edndrome de Dravet<\/strong><\/p>\n<p>El S\u00edndrome de Dravet es una enfermedad degenerativa de las denominadas raras\u00bb, que consiste en un trastorno del neurodesarrollo que se caracteriza por una epilepsia severa y que provoca problemas de crecimiento, trastornos del sue\u00f1o y dificultades del habla, entre otros s\u00edntomas<\/p>\n<p>&nbsp;<\/p>\n","protected":false},"excerpt":{"rendered":"<div class=\"mh-excerpt\">El municipio de Chella celebra el pr\u00f3ximo s\u00e1bado 1 de marzo la XIX edici\u00f3n de la famosa subida al Terrero y cuyos beneficios ir\u00e1n destinados a la asociaci\u00f3n \u2018Las Ilusiones de Ra\u00fal\u2019, una agrupaci\u00f3n que <a class=\"mh-excerpt-more\" href=\"https:\/\/www.tucomarca.com\/wordpress\/segunda\/chella-organiza-la-xix-subida-al-terrero\/\" title=\"Chella organiza la XIX subida al Terrero\">[+] <\/a><\/div>\n","protected":false},"author":1,"featured_media":23705,"comment_status":"open","ping_status":"open","sticky":false,"template":"","format":"standard","meta":{"footnotes":""},"categories":[98,257,6,70,3],"tags":[],"class_list":{"0":"post-23704","1":"post","2":"type-post","3":"status-publish","4":"format-standard","5":"has-post-thumbnail","7":"category-atletismo","8":"category-chella","9":"category-deportes","10":"category-la-canal-de-navarres","11":"category-seccion"},"_links":{"self":[{"href":"https:\/\/www.tucomarca.com\/wordpress\/segunda\/wp-json\/wp\/v2\/posts\/23704","targetHints":{"allow":["GET"]}}],"collection":[{"href":"https:\/\/www.tucomarca.com\/wordpress\/segunda\/wp-json\/wp\/v2\/posts"}],"about":[{"href":"https:\/\/www.tucomarca.com\/wordpress\/segunda\/wp-json\/wp\/v2\/types\/post"}],"author":[{"embeddable":true,"href":"https:\/\/www.tucomarca.com\/wordpress\/segunda\/wp-json\/wp\/v2\/users\/1"}],"replies":[{"embeddable":true,"href":"https:\/\/www.tucomarca.com\/wordpress\/segunda\/wp-json\/wp\/v2\/comments?post=23704"}],"version-history":[{"count":0,"href":"https:\/\/www.tucomarca.com\/wordpress\/segunda\/wp-json\/wp\/v2\/posts\/23704\/revisions"}],"wp:featuredmedia":[{"embeddable":true,"href":"https:\/\/www.tucomarca.com\/wordpress\/segunda\/wp-json\/wp\/v2\/media\/23705"}],"wp:attachment":[{"href":"https:\/\/www.tucomarca.com\/wordpress\/segunda\/wp-json\/wp\/v2\/media?parent=23704"}],"wp:term":[{"taxonomy":"category","embeddable":true,"href":"https:\/\/www.tucomarca.com\/wordpress\/segunda\/wp-json\/wp\/v2\/categories?post=23704"},{"taxonomy":"post_tag","embeddable":true,"href":"https:\/\/www.tucomarca.com\/wordpress\/segunda\/wp-json\/wp\/v2\/tags?post=23704"}],"curies":[{"name":"wp","href":"https:\/\/api.w.org\/{rel}","templated":true}]}}