{"id":237100,"date":"2024-09-18T11:00:00","date_gmt":"2024-09-18T09:00:00","guid":{"rendered":"https:\/\/www.tucomarca.com\/wordpress\/segunda\/?p=237100"},"modified":"2024-09-18T17:41:09","modified_gmt":"2024-09-18T15:41:09","slug":"ensems-comienza-su-46-edicion-con-catorce-conciertos-y-actividades-paralelas","status":"publish","type":"post","link":"https:\/\/www.tucomarca.com\/wordpress\/segunda\/ensems-comienza-su-46-edicion-con-catorce-conciertos-y-actividades-paralelas\/","title":{"rendered":"Ensems comienza su 46 edici\u00f3n con catorce conciertos y actividades paralelas"},"content":{"rendered":"\n<h3 class=\"wp-block-heading\">La afr\u00f3pera &#8216;The Golden Stool&#8217; llega a les Arts el jueves 19 de septiembre con las entradas agotadas.<\/h3>\n\n\n\n<h3 class=\"wp-block-heading\">Ensems tiene lugar del 19 al 25 de septiembre con catorce conciertos, conversaciones y actividades paralelas en Les Arts y el Palau de la M\u00fasica de Val\u00e8ncia.<\/h3>\n\n\n\n<p>Ensems, festival decano de la m\u00fasica contempor\u00e1nea en Espa\u00f1a, comienza su 46\u00aa edici\u00f3n, que tendr\u00e1 lugar del 19 al 25 de septiembre con una programaci\u00f3n de catorce conciertos y actividades paralelas que se dividir\u00e1n entre Les Arts y el Palau de la M\u00fasica de Valencia.&nbsp;<br>La 46\u00aa edici\u00f3n de Ensems se inicia el jueves 19 de septiembre con la inauguraci\u00f3n de la instalaci\u00f3n sonora \u2018Acu\u00e1tica\u2019, de Bosch &amp; Simons, que podr\u00e1 visitarse los d\u00edas 19, 21, 22, 23 y 25 de septiembre de 18.30 a 19.30 horas en el hall del Teatre Mart\u00edn i Soler de les Arts, con acceso libre. Desde 1990, Peter Bosch y Simone Simons se han centrado en el desarrollo de &#8216;m\u00e1quinas musicales&#8217; aut\u00f3nomas, caracterizadas por unos equilibrios inestables que el m\u00e1s m\u00ednimo cambio puede producir un resultado sonoro impredecible.<br>Tambi\u00e9n el jueves tendr\u00e1 lugar el primer gran concierto de esta edici\u00f3n, la afr\u00f3pera \u2018The Golden Stool\u2019, de Gorges Ocloo en el Teatre Mart\u00edn i Soler de les Arts, una producci\u00f3n de LOD Muziektheater &amp; Toneelhuis en coproducci\u00f3n con Opera Ballet Vlaanderen &amp; O. Festival Rotterdam, con el apoyo de ENOA, que abre la programaci\u00f3n del festival y que ya ha agotado las entradas disponibles.<br>El viernes 20 de septiembre la programaci\u00f3n se traslada al Palau de la M\u00fasica, donde a las 12.00 horas tendr\u00e1 lugar el concierto del percusionista David Moliner, con un programa para marimba solo. Por la tarde se inaugurar\u00e1 la instalaci\u00f3n sonora de Jos\u00e9 Antonio Orts, justo antes de la primera de las actividades \u2018En conversaci\u00f3n\u2019, que contar\u00e1 con la subdirectora del Palau de la M\u00fasica, Nieves Pascual; el compositor y decano de la Escuela Superior de M\u00fasica Reina Sof\u00eda, \u00d2scar Colomina; y el director de relaciones externas de la Escuela Superior de M\u00fasica Reina Sof\u00eda, \u00c1lvaro Guibert.&nbsp;<br>A las 19.30 horas ser\u00e1 el concierto de la Orquestra de Val\u00e8ncia en la sala Jos\u00e9 Iturbi del Palau de la M\u00fasica, celebrando el 150 aniversario Sch\u00f6nberg con Baldur Br\u00f6nnimann como director y un programa con obras de Joaqu\u00edn Rodrigo, \u00d2scar Colomina, Akira Miyoshi y Arnold Sch\u00f6nberg.<br>46\u00aa edici\u00f3n<br>El lema de esta edici\u00f3n de Ensems es \u2018Songs of wars I have seen\u2019, en referencia a la obra de Heiner Goebbels que tiene un lugar destacado en la programaci\u00f3n, con la direcci\u00f3n de Chloe Rooke, y que ser\u00e1 el punto de partida para una reflexi\u00f3n sobre la violencia y las guerras, especialmente hacia el sufrimiento de las mujeres en las mismas.<br>En esta edici\u00f3n de Ensems, la programaci\u00f3n se ha construido en base a cuatro bloques tem\u00e1ticos: \u2018Songs of wars I have seen\u2019, como obra central y lema de la edici\u00f3n; el 150 aniversario del nacimiento del compositor austriaco Arnold Sch\u00f6nberg; el homenaje al compositor valenciano-canadiense Jos\u00e9 Evangelista, fallecido en 2023; y la reflexi\u00f3n sobre la m\u00fasica contempor\u00e1nea con di\u00e1logos y mesas redondas.&nbsp;<br>Todas las actividades de la programaci\u00f3n de Ensems son de acceso libre hasta completar aforo, excepto la \u00f3pera \u2018The Golden Stool\u2019 y el concierto de la Orquestra de Val\u00e8ncia, cuyas entradas ya est\u00e1n a la venta. Las invitaciones para los conciertos pueden obtenerse en la web del IVC.<\/p>\n","protected":false},"excerpt":{"rendered":"<div class=\"mh-excerpt\">La afr\u00f3pera &#8216;The Golden Stool&#8217; llega a les Arts el jueves 19 de septiembre con las entradas agotadas. Ensems tiene lugar del 19 al 25 de septiembre con catorce conciertos, conversaciones y actividades paralelas en <a class=\"mh-excerpt-more\" href=\"https:\/\/www.tucomarca.com\/wordpress\/segunda\/ensems-comienza-su-46-edicion-con-catorce-conciertos-y-actividades-paralelas\/\" title=\"Ensems comienza su 46 edici\u00f3n con catorce conciertos y actividades paralelas\">[+] <\/a><\/div>\n","protected":false},"author":12,"featured_media":237102,"comment_status":"open","ping_status":"open","sticky":false,"template":"","format":"standard","meta":{"footnotes":""},"categories":[4,72,7,3,45],"tags":[4230,13272,634],"class_list":{"0":"post-237100","1":"post","2":"type-post","3":"status-publish","4":"format-standard","5":"has-post-thumbnail","7":"category-agenda","8":"category-sin-categorizar","9":"category-ocio-y-cultura","10":"category-seccion","11":"category-ventana","12":"tag-festival-ensems","13":"tag-institut-valencia-de-cultura","14":"tag-les-arts"},"_links":{"self":[{"href":"https:\/\/www.tucomarca.com\/wordpress\/segunda\/wp-json\/wp\/v2\/posts\/237100","targetHints":{"allow":["GET"]}}],"collection":[{"href":"https:\/\/www.tucomarca.com\/wordpress\/segunda\/wp-json\/wp\/v2\/posts"}],"about":[{"href":"https:\/\/www.tucomarca.com\/wordpress\/segunda\/wp-json\/wp\/v2\/types\/post"}],"author":[{"embeddable":true,"href":"https:\/\/www.tucomarca.com\/wordpress\/segunda\/wp-json\/wp\/v2\/users\/12"}],"replies":[{"embeddable":true,"href":"https:\/\/www.tucomarca.com\/wordpress\/segunda\/wp-json\/wp\/v2\/comments?post=237100"}],"version-history":[{"count":0,"href":"https:\/\/www.tucomarca.com\/wordpress\/segunda\/wp-json\/wp\/v2\/posts\/237100\/revisions"}],"wp:featuredmedia":[{"embeddable":true,"href":"https:\/\/www.tucomarca.com\/wordpress\/segunda\/wp-json\/wp\/v2\/media\/237102"}],"wp:attachment":[{"href":"https:\/\/www.tucomarca.com\/wordpress\/segunda\/wp-json\/wp\/v2\/media?parent=237100"}],"wp:term":[{"taxonomy":"category","embeddable":true,"href":"https:\/\/www.tucomarca.com\/wordpress\/segunda\/wp-json\/wp\/v2\/categories?post=237100"},{"taxonomy":"post_tag","embeddable":true,"href":"https:\/\/www.tucomarca.com\/wordpress\/segunda\/wp-json\/wp\/v2\/tags?post=237100"}],"curies":[{"name":"wp","href":"https:\/\/api.w.org\/{rel}","templated":true}]}}