{"id":237243,"date":"2024-09-19T09:15:00","date_gmt":"2024-09-19T07:15:00","guid":{"rendered":"https:\/\/www.tucomarca.com\/wordpress\/segunda\/?p=237243"},"modified":"2024-09-19T13:18:48","modified_gmt":"2024-09-19T11:18:48","slug":"el-ivc-organiza-la-celebracion-en-valencia-de-la-55a-conferencia-de-la-asociacion-internacional-de-archivos-sonoros-y-audiovisuales-iasa","status":"publish","type":"post","link":"https:\/\/www.tucomarca.com\/wordpress\/segunda\/el-ivc-organiza-la-celebracion-en-valencia-de-la-55a-conferencia-de-la-asociacion-internacional-de-archivos-sonoros-y-audiovisuales-iasa\/","title":{"rendered":"El IVC organiza la celebraci\u00f3n en Val\u00e8ncia de la 55\u00aa Conferencia de la Asociaci\u00f3n Internacional de Archivos Sonoros y Audiovisuales (IASA)"},"content":{"rendered":"\n<h3 class=\"wp-block-heading\">El encuentro se celebra del 23 al 26 de septiembre en La Nau Centre Cultural, con la colaboraci\u00f3n del Ayuntamiento de Val\u00e8ncia y la UV.<\/h3>\n\n\n\n<h3 class=\"wp-block-heading\">Contar\u00e1 con la participaci\u00f3n de m\u00e1s de 150 expertos, representantes de instituciones p\u00fablicas y privadas, empresas y universidades para debatir sobre los desaf\u00edos del sector.<\/h3>\n\n\n<div class=\"wp-block-image\">\n<figure class=\"alignleft size-large is-resized\"><img loading=\"lazy\" decoding=\"async\" width=\"663\" height=\"1024\" src=\"https:\/\/www.tucomarca.com\/wordpress\/segunda\/wp-content\/uploads\/2024\/09\/2024_IVC_iasa-663x1024.jpg\" alt=\"\" class=\"wp-image-237247\" style=\"width:422px;height:auto\" srcset=\"https:\/\/www.tucomarca.com\/wordpress\/segunda\/wp-content\/uploads\/2024\/09\/2024_IVC_iasa-663x1024.jpg 663w, https:\/\/www.tucomarca.com\/wordpress\/segunda\/wp-content\/uploads\/2024\/09\/2024_IVC_iasa-194x300.jpg 194w, https:\/\/www.tucomarca.com\/wordpress\/segunda\/wp-content\/uploads\/2024\/09\/2024_IVC_iasa-768x1187.jpg 768w, https:\/\/www.tucomarca.com\/wordpress\/segunda\/wp-content\/uploads\/2024\/09\/2024_IVC_iasa.jpg 886w\" sizes=\"auto, (max-width: 663px) 100vw, 663px\" \/><\/figure>\n<\/div>\n\n\n<p>El Institut Valenci\u00e0 de Cultura (IVC), en colaboraci\u00f3n con el Centre Cultural La Nau de la Universitat de Val\u00e8ncia y el Ayuntamiento de Val\u00e8ncia, organizan en Val\u00e8ncia la 55\u00aa Conferencia de la Asociaci\u00f3n Internacional de Archivos de Sonido y Audiovisuales (IASA), que se celebrar\u00e1 del 23 al 26 de septiembre en La Nau Centre Cultural.<br>Bajo el t\u00edtulo \u2018Entretejiendo disciplinas\u2019, el congreso se propone, entre otros objetivos, debatir los problemas de las colecciones archiv\u00edsticas en tiempos de cambio econ\u00f3mico, pol\u00edtico y clim\u00e1tico; abordar la custodia de documentos sonoros y audiovisuales de tradiciones y conocimientos locales; desvelar las narrativas que subyacen a las colecciones y contextualizar las voces ausentes de los archivos; ver c\u00f3mo se trata la identidad \u2018queer\u2019 en los archivos o analizar c\u00f3mo influye la inteligencia artificial en el uso y preservaci\u00f3n de contenidos sonoros y audiovisuales.<br>La convocatoria se completa con varios talleres formativos y una serie de visitas a instituciones valencianas, como el Archivo F\u00edlmico del IVC y los archivos de \u00c0 Punt, el Palau de la M\u00fasica y L\u2019Etno (Museu Valenci\u00e0 d\u2019Etnologia).<br>La conferencia inaugural correr\u00e1 a cargo de Elena Oroz, profesora de la Universidad Carlos III y miembro del grupo de investigaci\u00f3n Televisi\u00f3n-Cine: Memoria, Representaci\u00f3n e Industria (TECMERIN), que hablar\u00e1 de los archivos cinematogr\u00e1ficos coloniales en Espa\u00f1a, en concreto sobre la restauraci\u00f3n y recuperaci\u00f3n de los documentales propagand\u00edsticos producidos en Guinea Ecuatorial por la compa\u00f1\u00eda Hermic (1945-48).<\/p>\n\n\n\n<p><strong>IASA<\/strong><\/p>\n\n\n\n<p>IASA agrupa a representantes de instituciones p\u00fablicas y privadas, profesionales independientes, universidades, filmotecas, archivos televisivos y radiof\u00f3nicos y empresas relacionadas con el \u00e1mbito de la digitalizaci\u00f3n y preservaci\u00f3n de la documentaci\u00f3n sonora y audiovisual. En la actualidad re\u00fane a 410 miembros. La direcci\u00f3n adjunta de m\u00fasica del IVC forma parte de IASA desde hace m\u00e1s de diez a\u00f1os.<br>La asociaci\u00f3n tiene varios grupos de trabajo que han redactado manuales de buenas pr\u00e1cticas para la conservaci\u00f3n de documentos sonoros y audiovisuales que est\u00e1n en peligro tanto por la fragilidad de los materiales de soporte como por la multiplicaci\u00f3n de tecnolog\u00edas y patentes.<br>El comit\u00e9 local del congreso cuenta entre otros con representantes del Institut Valenci\u00e0 de Cultura, el Vicerrectorado de Cultura y Sociedad de la Universitat de Val\u00e8ncia, Valencia Convention Bureau (Ayuntamiento de Val\u00e8ncia), el Palau de la M\u00fasica de Val\u00e8ncia, el Colegio Oficial de Bibliotecarios y Documentalistas de la Comunitat Valenciana, la Asociaci\u00f3n Profesional de Archiveros y Gestores de Documentos Valencianos y \u00c0 Punt Media.<br>Toda la informaci\u00f3n sobre la conferencia se puede encontrar en esta p\u00e1gina&nbsp;<a href=\"https:\/\/2024.iasa-web.org\/es\/conferencia-anual-de-la-iasa-2024.\">web<\/a>.<\/p>\n","protected":false},"excerpt":{"rendered":"<div class=\"mh-excerpt\">El encuentro se celebra del 23 al 26 de septiembre en La Nau Centre Cultural, con la colaboraci\u00f3n del Ayuntamiento de Val\u00e8ncia y la UV. Contar\u00e1 con la participaci\u00f3n de m\u00e1s de 150 expertos, representantes <a class=\"mh-excerpt-more\" href=\"https:\/\/www.tucomarca.com\/wordpress\/segunda\/el-ivc-organiza-la-celebracion-en-valencia-de-la-55a-conferencia-de-la-asociacion-internacional-de-archivos-sonoros-y-audiovisuales-iasa\/\" title=\"El IVC organiza la celebraci\u00f3n en Val\u00e8ncia de la 55\u00aa Conferencia de la Asociaci\u00f3n Internacional de Archivos Sonoros y Audiovisuales (IASA)\">[+] <\/a><\/div>\n","protected":false},"author":12,"featured_media":237247,"comment_status":"open","ping_status":"open","sticky":false,"template":"","format":"standard","meta":{"footnotes":""},"categories":[4,128,8,72,7,3],"tags":[21221,13272,17757],"class_list":{"0":"post-237243","1":"post","2":"type-post","3":"status-publish","4":"format-standard","5":"has-post-thumbnail","7":"category-agenda","8":"category-infraestructuras","9":"category-la-comarca","10":"category-sin-categorizar","11":"category-ocio-y-cultura","12":"category-seccion","13":"tag-iasa","14":"tag-institut-valencia-de-cultura","15":"tag-ivc"},"_links":{"self":[{"href":"https:\/\/www.tucomarca.com\/wordpress\/segunda\/wp-json\/wp\/v2\/posts\/237243","targetHints":{"allow":["GET"]}}],"collection":[{"href":"https:\/\/www.tucomarca.com\/wordpress\/segunda\/wp-json\/wp\/v2\/posts"}],"about":[{"href":"https:\/\/www.tucomarca.com\/wordpress\/segunda\/wp-json\/wp\/v2\/types\/post"}],"author":[{"embeddable":true,"href":"https:\/\/www.tucomarca.com\/wordpress\/segunda\/wp-json\/wp\/v2\/users\/12"}],"replies":[{"embeddable":true,"href":"https:\/\/www.tucomarca.com\/wordpress\/segunda\/wp-json\/wp\/v2\/comments?post=237243"}],"version-history":[{"count":0,"href":"https:\/\/www.tucomarca.com\/wordpress\/segunda\/wp-json\/wp\/v2\/posts\/237243\/revisions"}],"wp:featuredmedia":[{"embeddable":true,"href":"https:\/\/www.tucomarca.com\/wordpress\/segunda\/wp-json\/wp\/v2\/media\/237247"}],"wp:attachment":[{"href":"https:\/\/www.tucomarca.com\/wordpress\/segunda\/wp-json\/wp\/v2\/media?parent=237243"}],"wp:term":[{"taxonomy":"category","embeddable":true,"href":"https:\/\/www.tucomarca.com\/wordpress\/segunda\/wp-json\/wp\/v2\/categories?post=237243"},{"taxonomy":"post_tag","embeddable":true,"href":"https:\/\/www.tucomarca.com\/wordpress\/segunda\/wp-json\/wp\/v2\/tags?post=237243"}],"curies":[{"name":"wp","href":"https:\/\/api.w.org\/{rel}","templated":true}]}}