{"id":237328,"date":"2024-09-19T20:00:00","date_gmt":"2024-09-19T18:00:00","guid":{"rendered":"https:\/\/www.tucomarca.com\/wordpress\/segunda\/?p=237328"},"modified":"2024-09-20T09:45:02","modified_gmt":"2024-09-20T07:45:02","slug":"utiel-se-convierte-en-sede-de-la-universitat-de-valencia","status":"publish","type":"post","link":"https:\/\/www.tucomarca.com\/wordpress\/segunda\/utiel-se-convierte-en-sede-de-la-universitat-de-valencia\/","title":{"rendered":"Utiel se convierte en sede de la Universitat de Val\u00e8ncia"},"content":{"rendered":"\n<h3 class=\"wp-block-heading\">Se impartir\u00e1 formaci\u00f3n reglada universitaria y actividades culturales.<\/h3>\n\n\n\n<h3 class=\"wp-block-heading\">Esta ma\u00f1ana el alcalde de Utiel. Ricardo Gabald\u00f3n, acompa\u00f1ado de la Diputada de Bienestar e Inclusi\u00f3n Social, Imma Gonz\u00e1lez, y la rectora de la Universitat de Val\u00e8ncia, Maria Vicenta Mestre, han presentado el nuevo acuerdo que permitir\u00e1 desarrollar en Utiel formaci\u00f3n espec\u00edfica en microcredenciales y actividades culturales.<\/h3>\n\n\n\n<h3 class=\"wp-block-heading\">El alcalde de Utiel ha recalcado: \u201cEs un d\u00eda importante para Utiel, para su desarrollo educativo, cultural y social porque no s\u00f3lo se va a acercar la formaci\u00f3n con t\u00edtulos homologados sino que tambi\u00e9n se desarrollaran ponencias, exposiciones, conciertos que trasladar\u00e1n las singularidades y el valor de nuestra cultura y la sociedad\u201d.<\/h3>\n\n\n\n<p>La sede de la Universitat de Val\u00e8ncia en Utiel se inaugurar\u00e1 el jueves 17 de octubre de 2024 con la presencia de Gabriel Zuchtriegel, director general del Parque Arqueol\u00f3gico de Pompeya, y en la que se presentar\u00e1n los hallazgos arqueol\u00f3gicos que optan a ser el \u2018El vino m\u00e1s antiguo del mundo\u2019.<\/p>\n\n\n\n<p>Utiel pasa a convertirse en sede de la Universitat de Val\u00e8ncia. Esta ma\u00f1ana el sal\u00f3n de plenos del Ayuntamiento de Utiel ha acogido el acto de presentaci\u00f3n del municipio como nueva sede de la Universidad de Valencia en formaci\u00f3n espec\u00edfica de microcredenciales y actividades culturales.<\/p>\n\n\n\n<p>Esta ma\u00f1ana el alcalde de Utiel, Ricardo Gabald\u00f3n junto con la diputada de Bienestar e Inclusi\u00f3n Social, Imma Gonz\u00e1lez, la rectora de la Universitat de Val\u00e8ncia, Maria Vicenta Mestre y el responsable de Campus, Miguel Requena, han presentado el nuevo acuerdo que permitir\u00e1 desarrollar en Utiel formaci\u00f3n espec\u00edfica en microcredenciales y actividades culturales.<\/p>\n\n\n\n<p>El alcalde de Utiel, Ricardo Gabald\u00f3n, ha destacado la relevancia de esta iniciativa para Utiel.<\/p>\n\n\n\n<p>\u201cEs un hito para Utiel, para su desarrollo educativo, cultural y social porque no s\u00f3lo se va a acercar la formaci\u00f3n de la Universidad con t\u00edtulos homologados, sino que tambi\u00e9n se desarrollaran ponencias, exposiciones, conciertos que impulsar\u00e1n las singularidades y el valor de nuestra cultura y de nuestra sociedad\u201d.<\/p>\n\n\n\n<p>La diputada de Bienestar e Inclusi\u00f3n Social, Imma Gonz\u00e1lez, insist\u00eda en la importancia de \u201cabrir el mundo universitario y educativo a todos los municipios de la provincia y ofrecer a sus ciudadanos una formaci\u00f3n actualizada y de alta calidad\u201d.<\/p>\n\n\n\n<p>La rectora ha expresado su satisfacci\u00f3n por inaugurar la sede n\u00famero 15 de la Universitat de Val\u00e8ncia en el territorio. \u201cEl objetivo de la Universitat de Val\u00e8ncia es llegar al territorio, no solo que el alumnado y la sociedad venga a nuestra instituci\u00f3n, sino queremos dar un paso m\u00e1s, ser cercanos y trasladar a los municipios la formaci\u00f3n, investigaci\u00f3n y cultura que estos nos pidan, porque tenemos todas las ramas del saber y esa voluntad de ser cercanos y traer lo que nos demanden los territorios\u201d. Un esp\u00edritu, seg\u00fan ha recordado, que ya contemplaba Jaume I cuando pens\u00f3 una universidad para la ciudad, que fuera una instituci\u00f3n que se \u201cabierta al reino de Valencia y a otros reinos\u201d y que todav\u00eda hoy inspira a la Universitat de Val\u00e8ncia creada hace ahora 525 a\u00f1os.<\/p>\n\n\n\n<p>Utiel pasa as\u00ed a integrarse como sede de la Universitat de Val\u00e8ncia, siendo uno de los 15 municipios que cuenta con esta destacada oportunidad formativa.<br>El acto tambi\u00e9n ha contado con la asistencia de la vicerrectora de Cultura y Sociedad, Ester Alba; el director del Gabinete de la Rectora, de Marketing y de Comunicaci\u00f3n Institucional, Joan Enric \u00dabeda; el delegado de Estudiantes de la UV, Marcos Dur\u00e0; el gerente de la Fundaci\u00f3 General de la UV, Crist\u00f3bal Suria; y la Delegada de la Rectora para el programa Universitat-Societat; Mar\u00eda Dolores Pitarch.<br>Tras el acto de presentaci\u00f3n, los asistentes han conocido la Casa de Cultura de Utiel, donde se impartir\u00e1 la formaci\u00f3n, as\u00ed como enclaves destacados para el desarrollo de como la reci\u00e9n restaurada Iglesia Parroquial de Utiel, monumento del siglo XVI -g\u00f3tico meridional o mediterr\u00e1neo tard\u00edo, de proporciones catedralicias que fue declarado Bien de Inter\u00e9s Cultural (BIC) o las bodegas subterr\u00e1neas de Utiel, una de las se\u00f1as de identidad del municipio por su tradici\u00f3n vitivin\u00edcola milenaria.<\/p>\n\n\n\n<p><strong>Microcredenciales y actividades culturales en Utiel<\/strong><\/p>\n\n\n\n<p>Las actividades programadas para los meses de octubre a diciembre de 2024 han sido organizadas por la Universidad de Val\u00e8ncia y el Ayuntamiento de Utiel, financiadas por la Diputaci\u00f3n de Valencia y Caixa Popular y con la colaboraci\u00f3n de la Denominaci\u00f3n de Origen Utiel-Requena, la Parroquia de Utiel y Radio Utiel.<\/p>\n\n\n\n<p>La sede de la UV en Utiel permitir\u00e1 la obtenci\u00f3n de microcredenciales: certificaciones oficiales de la UV, a trav\u00e9s de cursos de corta duraci\u00f3n (30 horas). Inicialmente se ofrecer\u00e1n tres: \u2018La cultura del vino: historia y patrimonio\u2019, \u2018La ciencia de la gastronom\u00eda desde diferentes prismas\u2019 y \u2018La Iglesia de la Asunci\u00f3n de Nuestra Se\u00f1ora de Utiel\u2019. Esta formaci\u00f3n es uno de los aspectos m\u00e1s atractivos del programa ofrecido por la UV porque constituyen la iniciativa de la Uni\u00f3n Europea para promover la formaci\u00f3n a lo largo de la vida con calidad universitaria. Adem\u00e1s, esta capacitaci\u00f3n tiene un car\u00e1cter acumulativo, ya que pueden dar lugar a otros t\u00edtulos formativos superiores. Esto ha sido posible gracias a la colaboraci\u00f3n de \u00c1rea de Bienestar Social e Inclusi\u00f3n Social y Salud P\u00fablica de la Diputaci\u00f3n de Valencia.<\/p>\n\n\n\n<p>La matr\u00edcula para esta formaci\u00f3n estar\u00e1 accesible a partir de la semana pr\u00f3xima a trav\u00e9s de http:\/\/www.uv.es\/uvsocietat.<\/p>\n\n\n\n<p><strong>Inauguraci\u00f3n oficial el 17 de octubre<\/strong><\/p>\n\n\n\n<p>La inauguraci\u00f3n oficial para el p\u00fablico est\u00e1 prevista para el pr\u00f3ximo d\u00eda 17 de octubre, con dos conferencias. \u2018El vino encontrado en la tumba de Marcus Venerius Secundio y de Novia Amabilis en la necr\u00f3polis de Porta Sarno de Pompeya\u2019, a cargo de Lloren\u00e7 Alapont Mart\u00edn, arque\u00f3logo y director del proyecto de investigaci\u00f3n \u2018La arqueolog\u00eda de la muerte en Pompeya\u2019), y \u2018Un vino para el m\u00e1s all\u00e1. Rituales funerarios en el mausoleo romano de la c\/ Sevilla n\u00ba 53 de Carmona (Sevilla, Espa\u00f1a)\u2019, a cargo de Jacobo V\u00e1zquez Paz, (arque\u00f3logo y decano del Colegio oficial de Doctores y Licenciados de Sevilla y Huelva). Ambas conferencias impartidas en la Casa de Cultura de Utiel, sede de la UV en Utiel, a partir de las 18:30 horas, servir\u00e1n para arrojar algo de luz sobre qu\u00e9 vino liquido es el m\u00e1s antiguo del mundo: el encontrado en las vasijas de Pompeya, o el de Sevilla.<\/p>\n\n\n\n<p>Con ambas conferencias se inaugurar\u00e1 un oto\u00f1o repleto de actividades culturales entre las que destacan las siguientes conferencias.<\/p>\n\n\n\n<p>El martes, 29 de octubre, \u2018La Solana de las Pilillas. El origen del comercio de vino ib\u00e9rico\u2019 a cargo de Asunci\u00f3n Mart\u00ednez Valle (Arque\u00f3loga Municipal Ayuntamiento de Requena. Miembro de ICOMOS Espa\u00f1a. Presidenta de la Asociaci\u00f3n de Lagares Rupestres de Espa\u00f1a).<\/p>\n\n\n\n<p>El viernes, 8 de noviembre, \u2018La tinajer\u00eda para vino utilizada en Espa\u00f1a. Las comarcas del interior de la provincia de Valencia, un ejemplo a divulgar\u2019, a cargo de Alfons Romero i Vidal (Presidente de la Asociaci\u00f3 Catalana de Cer\u00e0mica y ex profesor de la Universitat de Barcelona).<\/p>\n\n\n\n<p>El viernes, 29 de noviembre, \u2018El vino como conocimiento y comunicaci\u00f3n desde la Antig\u00fcedad Cl\u00e1sica hasta la poes\u00eda de modernidad\u2019, a cargo de Jaime Siles Ruiz (Poeta y catedr\u00e1tico de Filolog\u00eda Latina. Universitat de Val\u00e8ncia).<\/p>\n\n\n\n<p>El 11 de diciembre, \u2018Formaci\u00f3n en gastronom\u00eda\u2019, a cargo de profesores del Ciclo Formativo de Grado Medio Cocina y Gastronom\u00eda del el IES Alameda de Utiel y del Grado en Ciencias Gastron\u00f3micas de la Universitat de Val\u00e8ncia.<\/p>\n\n\n\n<p>Y con una fecha todav\u00eda a concretar, \u2018Resultados del an\u00e1lisis del l\u00edquido encontrado en la urna funeraria de Novia Amabilis. Seguramente el vino m\u00e1s antiguo de mundo\u2019, a cargo de Gianni Giallello (Investigador Distinguido de Excelencia. Departamento de Prehistoria, Arqueolog\u00eda e Historia Antigua de la Universitat de Val\u00e8ncia).<\/p>\n\n\n\n<p><strong>Exposici\u00f3n y concierto<\/strong><\/p>\n\n\n\n<p>Pero adem\u00e1s de charlas y cursos, la cultura que la UV acercar\u00e1 a Utiel, con la colaboraci\u00f3n siempre de su Ayuntamiento, se materializar\u00e1 en la producci\u00f3n de una exposici\u00f3n y la realizaci\u00f3n de un concierto.<\/p>\n\n\n\n<p>La exposici\u00f3n \u2018Restauraci\u00f3n de la Iglesia de la Asunci\u00f3n de Ntra Sra de Utiel. Ambici\u00f3n, ca\u00edda y recuperaci\u00f3n\u2019, sobre los trabajos de rehabilitaci\u00f3n de la iglesia de la Asunci\u00f3n de N\u00aa S\u00aa de Utiel, que se inaugurar\u00e1 el 26 de octubre, a las 17:30 horas en la Iglesia de la Asunci\u00f3n de Ntra Sra de Utiel. Y tras el acto de inauguraci\u00f3n, a las 18 horas, se realizar\u00e1 el concierto de m\u00fasica cl\u00e1sica en la iglesia de la Asunci\u00f3n de N\u00aa S\u00aa de Utiel \u2018Tormenta e \u00edmpetu\u2019, a cargo de La camerata La Stravaganza.<\/p>\n\n\n\n<p>Un amplio programa formativo impartido en Utiel y certificado por la Universidad de Valencia, que recientemente era valorada por el prestigioso ranking de Shanghai como la segunda mejor universidad de Espa\u00f1a y la primera de la Comunidad Valenciana.<\/p>\n","protected":false},"excerpt":{"rendered":"<div class=\"mh-excerpt\">Se impartir\u00e1 formaci\u00f3n reglada universitaria y actividades culturales. Esta ma\u00f1ana el alcalde de Utiel. Ricardo Gabald\u00f3n, acompa\u00f1ado de la Diputada de Bienestar e Inclusi\u00f3n Social, Imma Gonz\u00e1lez, y la rectora de la Universitat de Val\u00e8ncia, <a class=\"mh-excerpt-more\" href=\"https:\/\/www.tucomarca.com\/wordpress\/segunda\/utiel-se-convierte-en-sede-de-la-universitat-de-valencia\/\" title=\"Utiel se convierte en sede de la Universitat de Val\u00e8ncia\">[+] <\/a><\/div>\n","protected":false},"author":12,"featured_media":237330,"comment_status":"open","ping_status":"open","sticky":false,"template":"","format":"standard","meta":{"footnotes":""},"categories":[128,8,7,142,27,3,29,45],"tags":[10387,19425,10645,10389],"class_list":{"0":"post-237328","1":"post","2":"type-post","3":"status-publish","4":"format-standard","5":"has-post-thumbnail","7":"category-infraestructuras","8":"category-la-comarca","9":"category-ocio-y-cultura","10":"category-politica-la-comarca","11":"category-requena-utiel","12":"category-seccion","13":"category-utiel","14":"category-ventana","15":"tag-requena-utiel","16":"tag-ricardo-gabaldon","17":"tag-universitat-de-valencia","18":"tag-utiel"},"_links":{"self":[{"href":"https:\/\/www.tucomarca.com\/wordpress\/segunda\/wp-json\/wp\/v2\/posts\/237328","targetHints":{"allow":["GET"]}}],"collection":[{"href":"https:\/\/www.tucomarca.com\/wordpress\/segunda\/wp-json\/wp\/v2\/posts"}],"about":[{"href":"https:\/\/www.tucomarca.com\/wordpress\/segunda\/wp-json\/wp\/v2\/types\/post"}],"author":[{"embeddable":true,"href":"https:\/\/www.tucomarca.com\/wordpress\/segunda\/wp-json\/wp\/v2\/users\/12"}],"replies":[{"embeddable":true,"href":"https:\/\/www.tucomarca.com\/wordpress\/segunda\/wp-json\/wp\/v2\/comments?post=237328"}],"version-history":[{"count":0,"href":"https:\/\/www.tucomarca.com\/wordpress\/segunda\/wp-json\/wp\/v2\/posts\/237328\/revisions"}],"wp:featuredmedia":[{"embeddable":true,"href":"https:\/\/www.tucomarca.com\/wordpress\/segunda\/wp-json\/wp\/v2\/media\/237330"}],"wp:attachment":[{"href":"https:\/\/www.tucomarca.com\/wordpress\/segunda\/wp-json\/wp\/v2\/media?parent=237328"}],"wp:term":[{"taxonomy":"category","embeddable":true,"href":"https:\/\/www.tucomarca.com\/wordpress\/segunda\/wp-json\/wp\/v2\/categories?post=237328"},{"taxonomy":"post_tag","embeddable":true,"href":"https:\/\/www.tucomarca.com\/wordpress\/segunda\/wp-json\/wp\/v2\/tags?post=237328"}],"curies":[{"name":"wp","href":"https:\/\/api.w.org\/{rel}","templated":true}]}}