{"id":23733,"date":"2014-02-28T11:35:39","date_gmt":"2014-02-28T08:35:39","guid":{"rendered":"http:\/\/www.tucomarca.com\/wordpress\/segunda\/?p=23733"},"modified":"2014-02-28T11:35:43","modified_gmt":"2014-02-28T08:35:43","slug":"el-valencia-cf-hizo-valer-la-renta-de-la-ida-y-se-cuela-en-octavos-de-la-europa-league","status":"publish","type":"post","link":"https:\/\/www.tucomarca.com\/wordpress\/segunda\/el-valencia-cf-hizo-valer-la-renta-de-la-ida-y-se-cuela-en-octavos-de-la-europa-league\/","title":{"rendered":"El Valencia CF hizo valer la renta de la ida y se cuela en octavos de la Europa League"},"content":{"rendered":"<p><figure id=\"attachment_23734\" aria-describedby=\"caption-attachment-23734\" style=\"width: 300px\" class=\"wp-caption alignleft\"><a href=\"https:\/\/www.tucomarca.com\/wordpress\/segunda\/?attachment_id=23734\" rel=\"attachment wp-att-23734\"><img loading=\"lazy\" decoding=\"async\" src=\"https:\/\/www.tucomarca.com\/wordpress\/segunda\/wp-content\/uploads\/2014\/02\/Valenciacf-300x188.jpg\" alt=\"\" title=\"Valenciacf\" width=\"300\" height=\"188\" class=\"size-medium wp-image-23734\" srcset=\"https:\/\/www.tucomarca.com\/wordpress\/segunda\/wp-content\/uploads\/2014\/02\/Valenciacf-300x188.jpg 300w, https:\/\/www.tucomarca.com\/wordpress\/segunda\/wp-content\/uploads\/2014\/02\/Valenciacf-1024x644.jpg 1024w, https:\/\/www.tucomarca.com\/wordpress\/segunda\/wp-content\/uploads\/2014\/02\/Valenciacf.jpg 2048w\" sizes=\"auto, (max-width: 300px) 100vw, 300px\" \/><\/a><figcaption id=\"caption-attachment-23734\" class=\"wp-caption-text\">Uno de los momentos del partido de este jueves. tc.c<\/figcaption><\/figure>Gran partido el vivido en Mestalla este jueves por la noche entre el Valencia CF y el Dinamo de Kiev. Si echamos la vista atr\u00e1s, recordamos que el Valencia ya cumpli\u00f3 los derebres en Chipre por cero goles a dos(Vargas y Feghouli).<br \/>\nEn el inicio de partido, tal como se esperaba, Pizzi apuesta por un once de gala y con canteranos como Portu que iba a debutar en la segunda mitad-a excepci\u00f3n de lesionados y sancionados-. Por contra, el Dinamo acudi\u00f3 a la cita con un once inicial m\u00e1s reforzado que en el partido de ida; con la variante muy importante de Yarmolenko, ese jugadorazo que desde hace tiempo indican como &#8216;el nuevo Shevchenko&#8217;.<br \/>\nEl partido iba a empezar bastante del lado del Dinamo, ya que el equipo visitante se mostr\u00f3 muy intenso por el marcador adverso. Todo \u00e9sto durante una primera media hora en la que el Valencia tampoco intent\u00f3 esforzarse demasiado, pues se reserv\u00f3 para la segunda mitad.<br \/>\nPoco a poco, el Dinamo baj\u00f3 su intensidad hasta el descanso para poder afrontar con m\u00e1s garant\u00edas la segunda mitad, tiempo que aprovech\u00f3 el Valencia para poder crear alguna ocasi\u00f3n importante de gol. Pero los jugadores se marcharon al descanso con el empate inicial.<br \/>\nEn la segunda mitad, la cosa cambi\u00f3 bastante; Pizzi orden\u00f3 a su equipo que a\u00f1adiesen al encuentro intensidad y velocidad, al igual que aumentaron la posesi\u00f3n en el centro del campo y el juego por bandan, ya que como se ha demostrado, con jugadores como Joao, Bernat, Vargas, Fede, Barrag\u00e1n, etc, estas cosas se pueden a\u00f1adir a favor a la hora de jugar y hacer da\u00f1o y desborde.<br \/>\nA lo largo de la segunda parte fue el Valencia quien busc\u00f3 penetrar en el \u00e1rea rival de la mano de un gran Dani Parejo y un Seydou Keita en buen estado de forma. El Dynamo intent\u00f3 en los \u00faltimo 20 minutos rascarle algo al partido, y pudo hacerlo, con un disparo al travesa\u00f1o de Veloso que afortunadamente, a pesar de sorprender a Diego Alves, no acaba dentro de las mallas. Al final, 0-0 con resultado global de 2-0 para los de Mestalla, quienes se meten en los Octavos de Final donde les espera el Ludogorets.<br \/>\nDestacar que Ricardo Costa sufri\u00f3 una lesi\u00f3n que est\u00e1 pendiente de revisi\u00f3n m\u00e9dica y que en su lugar entr\u00f3 Philippe Senderos en el minuto 66. Tambi\u00e9n entr\u00f3 Barrag\u00e1n en el 74 en sustituci\u00f3n de Michel, quien cuaj\u00f3 un buen partido. Informa Ra\u00fal Miralles Lacalle (@raulmks).<\/p>\n","protected":false},"excerpt":{"rendered":"<div class=\"mh-excerpt\">Gran partido el vivido en Mestalla este jueves por la noche entre el Valencia CF y el Dinamo de Kiev. Si echamos la vista atr\u00e1s, recordamos que el Valencia ya cumpli\u00f3 los derebres en Chipre <a class=\"mh-excerpt-more\" href=\"https:\/\/www.tucomarca.com\/wordpress\/segunda\/el-valencia-cf-hizo-valer-la-renta-de-la-ida-y-se-cuela-en-octavos-de-la-europa-league\/\" title=\"El Valencia CF hizo valer la renta de la ida y se cuela en octavos de la Europa League\">[+] <\/a><\/div>\n","protected":false},"author":2,"featured_media":23734,"comment_status":"open","ping_status":"open","sticky":false,"template":"","format":"standard","meta":{"footnotes":""},"categories":[3358,3],"tags":[3490,3492,3491,3489],"class_list":{"0":"post-23733","1":"post","2":"type-post","3":"status-publish","4":"format-standard","5":"has-post-thumbnail","7":"category-canal-valencia-cf","8":"category-seccion","9":"tag-dynamo","10":"tag-octavos","11":"tag-pase","12":"tag-velencia-cf"},"_links":{"self":[{"href":"https:\/\/www.tucomarca.com\/wordpress\/segunda\/wp-json\/wp\/v2\/posts\/23733","targetHints":{"allow":["GET"]}}],"collection":[{"href":"https:\/\/www.tucomarca.com\/wordpress\/segunda\/wp-json\/wp\/v2\/posts"}],"about":[{"href":"https:\/\/www.tucomarca.com\/wordpress\/segunda\/wp-json\/wp\/v2\/types\/post"}],"author":[{"embeddable":true,"href":"https:\/\/www.tucomarca.com\/wordpress\/segunda\/wp-json\/wp\/v2\/users\/2"}],"replies":[{"embeddable":true,"href":"https:\/\/www.tucomarca.com\/wordpress\/segunda\/wp-json\/wp\/v2\/comments?post=23733"}],"version-history":[{"count":0,"href":"https:\/\/www.tucomarca.com\/wordpress\/segunda\/wp-json\/wp\/v2\/posts\/23733\/revisions"}],"wp:featuredmedia":[{"embeddable":true,"href":"https:\/\/www.tucomarca.com\/wordpress\/segunda\/wp-json\/wp\/v2\/media\/23734"}],"wp:attachment":[{"href":"https:\/\/www.tucomarca.com\/wordpress\/segunda\/wp-json\/wp\/v2\/media?parent=23733"}],"wp:term":[{"taxonomy":"category","embeddable":true,"href":"https:\/\/www.tucomarca.com\/wordpress\/segunda\/wp-json\/wp\/v2\/categories?post=23733"},{"taxonomy":"post_tag","embeddable":true,"href":"https:\/\/www.tucomarca.com\/wordpress\/segunda\/wp-json\/wp\/v2\/tags?post=23733"}],"curies":[{"name":"wp","href":"https:\/\/api.w.org\/{rel}","templated":true}]}}