{"id":23741,"date":"2014-02-28T22:18:43","date_gmt":"2014-02-28T19:18:43","guid":{"rendered":"http:\/\/www.tucomarca.com\/wordpress\/segunda\/?p=23741"},"modified":"2014-02-28T22:18:43","modified_gmt":"2014-02-28T19:18:43","slug":"ya-se-puede-tramitar-en-los-61-municipios-del-consorcio-la-tarjeta-de-mi-cuenta-ambiental-con-la-que-se-puede-ahorrar-hasta-un-50-del-recibo","status":"publish","type":"post","link":"https:\/\/www.tucomarca.com\/wordpress\/segunda\/ya-se-puede-tramitar-en-los-61-municipios-del-consorcio-la-tarjeta-de-mi-cuenta-ambiental-con-la-que-se-puede-ahorrar-hasta-un-50-del-recibo\/","title":{"rendered":"Ya se puede tramitar en los 61 municipios del Consorcio la tarjeta de Mi Cuenta Ambiental con la que se puede ahorrar hasta un 50% del recibo"},"content":{"rendered":"<p>A partir de este s\u00e1bado, 1 de marzo, comienza la solicitud de emisi\u00f3n de la tarjeta verde de <em>Mi Cuenta Ambiental<\/em> en los 61 municipios de las 5 comarcas que integran el Consorcio Valencia Interior (La Serran\u00eda, Camp de T\u00faria, Hoya de Bu\u00f1ol-Chiva,\u00a0 La Plana de Utiel-Requena, Rinc\u00f3n de Ademuz y los municipios de Cortes de Pall\u00e1s y Millares). En el Consorcio Valencia Interior reciclar tiene premio porque con Mi Cuenta Ambiental se pretende fomentar el reciclaje y las buenas pr\u00e1cticas ambientales y, adem\u00e1s, promover el ahorro.<\/p>\n<p>La tramitaci\u00f3n de esta tarjeta, completamente gratuita, debe realizarse en la red de Ecoparques fijos (28) y en los Ecom\u00f3viles de las 9 rutas en que est\u00e1 distribuido este servicio que recorre los municipios, presentando el recibo de pago de la Tasa por tratamiento de residuos. Asimismo puede solicitarse a trav\u00e9s de los Ayuntamientos colaboradores del Consorcio. No obstante, ante cualquier duda, se ha puesto a disposici\u00f3n de los vecinos el tel\u00e9fono 902 07 50 54 y la direcci\u00f3n electr\u00f3nica info@consorciovalenciainterior.es , adem\u00e1s de la p\u00e1gina web del Consorcio www.consorciovalenciainterior.com<\/p>\n<p>Se trata de una tarjeta para cada unidad, vivienda, comercio, empresa, etc. Una tarjeta individual pero tambi\u00e9n de uso colectivo por los vecinos o familia de una vivienda o integrantes de una empresa. Cada vez que acudimos a un Ecoparque con nuestros residuos, ser\u00e1n pesados y valorados, seg\u00fan cantidad y tipolog\u00eda de los mismos. Esta operaci\u00f3n va acumulando \u2018puntos\u2019 en nuestra Cuenta Ambiental que, al finalizar el ejercicio anual, se convertir\u00e1n en euros de ahorro en nuestros recibos. Una vez emitida la tarjeta de Mi Cuenta Ambiental\u00a0 ya podr\u00e1 ser utilizada en los Ecoparques.<\/p>\n<p>Solo en el caso de los Ecoparques de B\u00e9tera, Cheste-Chiva, Ll\u00edria, La Pobla-L\u2019Eliana, Ribarroja, Requena y Utiel, se podr\u00e1 contar ya a partir de ma\u00f1ana 1 de marzo con la tarjeta, ya que en estos Ecoparques la emisi\u00f3n de la tarjeta verde es de tramitaci\u00f3n inmediata.<\/p>\n<p>&nbsp;<\/p>\n","protected":false},"excerpt":{"rendered":"<div class=\"mh-excerpt\">A partir de este s\u00e1bado, 1 de marzo, comienza la solicitud de emisi\u00f3n de la tarjeta verde de Mi Cuenta Ambiental en los 61 municipios de las 5 comarcas que integran el Consorcio Valencia Interior <a class=\"mh-excerpt-more\" href=\"https:\/\/www.tucomarca.com\/wordpress\/segunda\/ya-se-puede-tramitar-en-los-61-municipios-del-consorcio-la-tarjeta-de-mi-cuenta-ambiental-con-la-que-se-puede-ahorrar-hasta-un-50-del-recibo\/\" title=\"Ya se puede tramitar en los 61 municipios del Consorcio la tarjeta de Mi Cuenta Ambiental con la que se puede ahorrar hasta un 50% del recibo\">[+] <\/a><\/div>\n","protected":false},"author":1,"featured_media":14938,"comment_status":"open","ping_status":"open","sticky":false,"template":"","format":"standard","meta":{"footnotes":""},"categories":[49,46,40,8,10,71,27,3],"tags":[],"class_list":{"0":"post-23741","1":"post","2":"type-post","3":"status-publish","4":"format-standard","5":"has-post-thumbnail","7":"category-ademuz","8":"category-camp-de-turia","9":"category-cortes-de-pallas","10":"category-la-comarca","11":"category-la-hoya","12":"category-millares","13":"category-requena-utiel","14":"category-seccion"},"_links":{"self":[{"href":"https:\/\/www.tucomarca.com\/wordpress\/segunda\/wp-json\/wp\/v2\/posts\/23741","targetHints":{"allow":["GET"]}}],"collection":[{"href":"https:\/\/www.tucomarca.com\/wordpress\/segunda\/wp-json\/wp\/v2\/posts"}],"about":[{"href":"https:\/\/www.tucomarca.com\/wordpress\/segunda\/wp-json\/wp\/v2\/types\/post"}],"author":[{"embeddable":true,"href":"https:\/\/www.tucomarca.com\/wordpress\/segunda\/wp-json\/wp\/v2\/users\/1"}],"replies":[{"embeddable":true,"href":"https:\/\/www.tucomarca.com\/wordpress\/segunda\/wp-json\/wp\/v2\/comments?post=23741"}],"version-history":[{"count":0,"href":"https:\/\/www.tucomarca.com\/wordpress\/segunda\/wp-json\/wp\/v2\/posts\/23741\/revisions"}],"wp:featuredmedia":[{"embeddable":true,"href":"https:\/\/www.tucomarca.com\/wordpress\/segunda\/wp-json\/wp\/v2\/media\/14938"}],"wp:attachment":[{"href":"https:\/\/www.tucomarca.com\/wordpress\/segunda\/wp-json\/wp\/v2\/media?parent=23741"}],"wp:term":[{"taxonomy":"category","embeddable":true,"href":"https:\/\/www.tucomarca.com\/wordpress\/segunda\/wp-json\/wp\/v2\/categories?post=23741"},{"taxonomy":"post_tag","embeddable":true,"href":"https:\/\/www.tucomarca.com\/wordpress\/segunda\/wp-json\/wp\/v2\/tags?post=23741"}],"curies":[{"name":"wp","href":"https:\/\/api.w.org\/{rel}","templated":true}]}}