{"id":23747,"date":"2014-02-28T16:20:48","date_gmt":"2014-02-28T13:20:48","guid":{"rendered":"http:\/\/www.tucomarca.com\/wordpress\/segunda\/?p=23747"},"modified":"2014-02-28T16:20:52","modified_gmt":"2014-02-28T13:20:52","slug":"el-ayuntamiento-celebra-el-dia-internacional-de-la-mujer-con-una-intensa-semana-de-actividades","status":"publish","type":"post","link":"https:\/\/www.tucomarca.com\/wordpress\/segunda\/el-ayuntamiento-celebra-el-dia-internacional-de-la-mujer-con-una-intensa-semana-de-actividades\/","title":{"rendered":"El Ayuntamiento celebra el D\u00eda Internacional de la Mujer con una intensa semana de actividades"},"content":{"rendered":"<p><figure id=\"attachment_23748\" aria-describedby=\"caption-attachment-23748\" style=\"width: 300px\" class=\"wp-caption alignleft\"><a href=\"https:\/\/www.tucomarca.com\/wordpress\/segunda\/?attachment_id=23748\" rel=\"attachment wp-att-23748\"><img loading=\"lazy\" decoding=\"async\" src=\"https:\/\/www.tucomarca.com\/wordpress\/segunda\/wp-content\/uploads\/2014\/02\/chiva-300x140.jpg\" alt=\"\" title=\"chiva\" width=\"300\" height=\"140\" class=\"size-medium wp-image-23748\" srcset=\"https:\/\/www.tucomarca.com\/wordpress\/segunda\/wp-content\/uploads\/2014\/02\/chiva-300x140.jpg 300w, https:\/\/www.tucomarca.com\/wordpress\/segunda\/wp-content\/uploads\/2014\/02\/chiva-1024x480.jpg 1024w\" sizes=\"auto, (max-width: 300px) 100vw, 300px\" \/><\/a><figcaption id=\"caption-attachment-23748\" class=\"wp-caption-text\">Programaci\u00f3n de la Semana de la Mujer en Chiva. tc.c<\/figcaption><\/figure>Con motivo de la celebraci\u00f3n del D\u00eda Internacional de la Mujer, el pr\u00f3ximo 8 de marzo, el Ayuntamiento ha organizado diferentes actividades, del 3 al 8 de marzo, con las que pretende reflexionar sobre la necesidad de lograr la igualdad de trato y oportunidades entre hombres y mujeres y analizar el papel de la mujer en nuestra sociedad.<\/p>\n<p>Para ello, desde el consistorio se ha preparado una programaci\u00f3n dirigida a ambos g\u00e9neros, con el fin de que puedan compartir y vivir experiencias.<\/p>\n<p>En este sentido, las propuestas giran en torno al mundo de la cultura y el arte y comenzar\u00e1n, el lunes 3 de marzo, a las 18h, con la lectura del manifiesto y un recital po\u00e9tico en el Lavadero. El martes, a las 17.30h, el restaurante Pelegr\u00ed acoger\u00e1 el taller \u201cAgudiza tus sentidos\u201d con degustaciones para hacer disfrutar a nuestro paladar. Con el caf\u00e9-tertulia del mi\u00e9rcoles \u201cQui\u00e9rete mucho\u201d en el Hogar del Jubilado pasaremos una tarde amena en la que aprenderemos las pautas para valorarnos m\u00e1s. <\/p>\n<p>Los Bailes de Esencia Femenina con Shana Danza, el jueves a las 18.30h en el Hogar del Jubilado, nos mostrar\u00e1n la influencia que ha tenido el baile en la vida de las mujeres y viceversa. El fin de semana disfrutaremos con la exposici\u00f3n colectiva en femenino \u201cEsencias\u201d a cargo del colectivo de mujeres de artistas chivanas Brigit en La Torreta. La inauguraci\u00f3n ser\u00e1 a las 19.30h. <\/p>\n<p>Para finalizar esta celebraci\u00f3n del D\u00eda Internacional de la Mujer, el s\u00e1bado 8 de marzo se realizar\u00e1 la visita guiada \u201cLa vida de la mujer chivana\u201d a cargo de Juan Carri\u00f3n, cronista oficial de la Villa de Chiva y Paco Blay, arque\u00f3logo. Desde las 17.30 se realizar\u00e1 un recorrido por el casco urbano de Chiva, comentando costumbres, personajes y an\u00e9cdotas relacionadas con la vida de la  mujer chivana. La comitiva saldr\u00e1 desde la plaza Gil Escart\u00ed. Por la noche, y colof\u00f3n tendr\u00e1 lugar, a las 23h en el Teatro Astoria la representaci\u00f3n teatral \u201cMujeres de ayer, de hoy y de siempre\u201d a cargo del grupo Exklafido y cuya recaudaci\u00f3n ir\u00e1 destinada a la Asociaci\u00f3n de Lucha contra el C\u00e1ncer.  <\/p>\n","protected":false},"excerpt":{"rendered":"<div class=\"mh-excerpt\">Con motivo de la celebraci\u00f3n del D\u00eda Internacional de la Mujer, el pr\u00f3ximo 8 de marzo, el Ayuntamiento ha organizado diferentes actividades, del 3 al 8 de marzo, con las que pretende reflexionar sobre la <a class=\"mh-excerpt-more\" href=\"https:\/\/www.tucomarca.com\/wordpress\/segunda\/el-ayuntamiento-celebra-el-dia-internacional-de-la-mujer-con-una-intensa-semana-de-actividades\/\" title=\"El Ayuntamiento celebra el D\u00eda Internacional de la Mujer con una intensa semana de actividades\">[+] <\/a><\/div>\n","protected":false},"author":2,"featured_media":23748,"comment_status":"open","ping_status":"open","sticky":false,"template":"","format":"standard","meta":{"footnotes":""},"categories":[16,8,10,3],"tags":[3496,798,10384,734,1468],"class_list":{"0":"post-23747","1":"post","2":"type-post","3":"status-publish","4":"format-standard","5":"has-post-thumbnail","7":"category-chiva","8":"category-la-comarca","9":"category-la-hoya","10":"category-seccion","11":"tag-8-de-marzo","12":"tag-actos","13":"tag-chiva","14":"tag-mujer-trabajadora","15":"tag-programacion"},"_links":{"self":[{"href":"https:\/\/www.tucomarca.com\/wordpress\/segunda\/wp-json\/wp\/v2\/posts\/23747","targetHints":{"allow":["GET"]}}],"collection":[{"href":"https:\/\/www.tucomarca.com\/wordpress\/segunda\/wp-json\/wp\/v2\/posts"}],"about":[{"href":"https:\/\/www.tucomarca.com\/wordpress\/segunda\/wp-json\/wp\/v2\/types\/post"}],"author":[{"embeddable":true,"href":"https:\/\/www.tucomarca.com\/wordpress\/segunda\/wp-json\/wp\/v2\/users\/2"}],"replies":[{"embeddable":true,"href":"https:\/\/www.tucomarca.com\/wordpress\/segunda\/wp-json\/wp\/v2\/comments?post=23747"}],"version-history":[{"count":0,"href":"https:\/\/www.tucomarca.com\/wordpress\/segunda\/wp-json\/wp\/v2\/posts\/23747\/revisions"}],"wp:featuredmedia":[{"embeddable":true,"href":"https:\/\/www.tucomarca.com\/wordpress\/segunda\/wp-json\/wp\/v2\/media\/23748"}],"wp:attachment":[{"href":"https:\/\/www.tucomarca.com\/wordpress\/segunda\/wp-json\/wp\/v2\/media?parent=23747"}],"wp:term":[{"taxonomy":"category","embeddable":true,"href":"https:\/\/www.tucomarca.com\/wordpress\/segunda\/wp-json\/wp\/v2\/categories?post=23747"},{"taxonomy":"post_tag","embeddable":true,"href":"https:\/\/www.tucomarca.com\/wordpress\/segunda\/wp-json\/wp\/v2\/tags?post=23747"}],"curies":[{"name":"wp","href":"https:\/\/api.w.org\/{rel}","templated":true}]}}