{"id":23751,"date":"2014-02-28T22:26:03","date_gmt":"2014-02-28T19:26:03","guid":{"rendered":"http:\/\/www.tucomarca.com\/wordpress\/segunda\/?p=23751"},"modified":"2014-02-28T22:26:03","modified_gmt":"2014-02-28T19:26:03","slug":"cine-en-el-palacio-de-la-musica-de-bunol-3","status":"publish","type":"post","link":"https:\/\/www.tucomarca.com\/wordpress\/segunda\/cine-en-el-palacio-de-la-musica-de-bunol-3\/","title":{"rendered":"Cine en el Palacio de la M\u00fasica de Bu\u00f1ol"},"content":{"rendered":"<p>El Palacio de la M\u00fasica de Bu\u00f1ol acoge este fin de semana la proyecci\u00f3n de la pel\u00edcula \u00abFutbol\u00edn\u00bb de Juan Jos\u00e9 Campanella. Los pases est\u00e1n programados para el s\u00e1bado 1 de marzo a las 19,00 horas y el domingo a las 18,30 horas.<\/p>\n","protected":false},"excerpt":{"rendered":"<div class=\"mh-excerpt\">El Palacio de la M\u00fasica de Bu\u00f1ol acoge este fin de semana la proyecci\u00f3n de la pel\u00edcula \u00abFutbol\u00edn\u00bb de Juan Jos\u00e9 Campanella. Los pases est\u00e1n programados para el s\u00e1bado 1 de marzo a las 19,00 <a class=\"mh-excerpt-more\" href=\"https:\/\/www.tucomarca.com\/wordpress\/segunda\/cine-en-el-palacio-de-la-musica-de-bunol-3\/\" title=\"Cine en el Palacio de la M\u00fasica de Bu\u00f1ol\">[+] <\/a><\/div>\n","protected":false},"author":2,"featured_media":0,"comment_status":"open","ping_status":"open","sticky":false,"template":"","format":"standard","meta":{"footnotes":""},"categories":[4,3],"tags":[10385,86,965],"class_list":{"0":"post-23751","1":"post","2":"type-post","3":"status-publish","4":"format-standard","6":"category-agenda","7":"category-seccion","8":"tag-bunol","9":"tag-cine","10":"tag-palacio-de-la-musica"},"_links":{"self":[{"href":"https:\/\/www.tucomarca.com\/wordpress\/segunda\/wp-json\/wp\/v2\/posts\/23751","targetHints":{"allow":["GET"]}}],"collection":[{"href":"https:\/\/www.tucomarca.com\/wordpress\/segunda\/wp-json\/wp\/v2\/posts"}],"about":[{"href":"https:\/\/www.tucomarca.com\/wordpress\/segunda\/wp-json\/wp\/v2\/types\/post"}],"author":[{"embeddable":true,"href":"https:\/\/www.tucomarca.com\/wordpress\/segunda\/wp-json\/wp\/v2\/users\/2"}],"replies":[{"embeddable":true,"href":"https:\/\/www.tucomarca.com\/wordpress\/segunda\/wp-json\/wp\/v2\/comments?post=23751"}],"version-history":[{"count":0,"href":"https:\/\/www.tucomarca.com\/wordpress\/segunda\/wp-json\/wp\/v2\/posts\/23751\/revisions"}],"wp:attachment":[{"href":"https:\/\/www.tucomarca.com\/wordpress\/segunda\/wp-json\/wp\/v2\/media?parent=23751"}],"wp:term":[{"taxonomy":"category","embeddable":true,"href":"https:\/\/www.tucomarca.com\/wordpress\/segunda\/wp-json\/wp\/v2\/categories?post=23751"},{"taxonomy":"post_tag","embeddable":true,"href":"https:\/\/www.tucomarca.com\/wordpress\/segunda\/wp-json\/wp\/v2\/tags?post=23751"}],"curies":[{"name":"wp","href":"https:\/\/api.w.org\/{rel}","templated":true}]}}