{"id":23752,"date":"2014-02-28T16:30:44","date_gmt":"2014-02-28T13:30:44","guid":{"rendered":"http:\/\/www.tucomarca.com\/wordpress\/segunda\/?p=23752"},"modified":"2014-02-28T16:30:44","modified_gmt":"2014-02-28T13:30:44","slug":"sanchis-erasmus-permitira-a-alzira-continuar-con-su-apuesta-por-el-voluntariado-europeo","status":"publish","type":"post","link":"https:\/\/www.tucomarca.com\/wordpress\/segunda\/sanchis-erasmus-permitira-a-alzira-continuar-con-su-apuesta-por-el-voluntariado-europeo\/","title":{"rendered":"Sanchis: \u00abErasmus+ permitir\u00e1 a Alzira continuar con su apuesta por el voluntariado europeo\u00bb"},"content":{"rendered":"<figure id=\"attachment_23754\" aria-describedby=\"caption-attachment-23754\" style=\"width: 300px\" class=\"wp-caption alignleft\"><a href=\"https:\/\/www.tucomarca.com\/wordpress\/segunda\/wp-content\/uploads\/2014\/02\/erasmusalzira.jpg\"><img loading=\"lazy\" decoding=\"async\" class=\"size-medium wp-image-23754\" title=\"erasmusalzira\" src=\"https:\/\/www.tucomarca.com\/wordpress\/segunda\/wp-content\/uploads\/2014\/02\/erasmusalzira-300x225.jpg\" alt=\"El Museu Municipal de Alzira acoge una charla explicativa que congrega a una treintena de asistentes.\" width=\"300\" height=\"225\" srcset=\"https:\/\/www.tucomarca.com\/wordpress\/segunda\/wp-content\/uploads\/2014\/02\/erasmusalzira-300x225.jpg 300w, https:\/\/www.tucomarca.com\/wordpress\/segunda\/wp-content\/uploads\/2014\/02\/erasmusalzira.jpg 800w\" sizes=\"auto, (max-width: 300px) 100vw, 300px\" \/><\/a><figcaption id=\"caption-attachment-23754\" class=\"wp-caption-text\">El Museu Municipal de Alzira acoge una charla explicativa que congrega a una treintena de asistentes.<\/figcaption><\/figure>\n<p>El director del IVAJ. GVA JOVE, Marcos Sanchis, ha afirmado que &#8216;Erasmus +&#8217; \u00abpermite continuar con la internacionalizaci\u00f3n de las actividades desarrolladas por la juventud y da la oportunidad de que los proyectos de los j\u00f3venes de la Comunitat Valenciana tengan presencia en Europa\u00bb. As\u00ed lo ha manifestado en la jornada informativa de presentaci\u00f3n del programa celebrada en el sal\u00f3n de actos del Museu Municipal de Alzira (MUMA), junto al concejal de Promoci\u00f3n Econ\u00f3mica, Comercio y Empleo de la localidad, Jos\u00e9 Luis Palacios.<\/p>\n<p>Sanchis, que ha destacado la gran acogida de las sesiones celebradas, ha subrayado la apuesta del municipio de Alzira en el desarrollo de programas de voluntariado europeo. Bajo el programa Juventud en Acci\u00f3n, ahora Erasmus +, el Ayuntamiento de Alzira obtuvo el a\u00f1o pasado tres proyectos en materia de Servicio Voluntario Europeo del total de 25 concedidos en la Comunitat Valenciana.<\/p>\n<p>&#8216;Erasmus+&#8217; es el nuevo programa de la Uni\u00f3n Europea para la educaci\u00f3n, la formaci\u00f3n, la juventud y el deporte y estar\u00e1 en vigor desde el 1 de enero de 2014 hasta el 31 de diciembre de 2020. La sesi\u00f3n se ha centrado en la explicaci\u00f3n del tipo de proyectos, los plazos de presentaci\u00f3n y las ayudas que se enmarcan dentro del nuevo programa europeo en el apartado de Juventud.<\/p>\n<p>Tras la sesi\u00f3n, Sanchis ha visitado la Agencia de Desarrollo Local, IDEA (Iniciativa para el Desarrollo Econ\u00f3mico de Alzira), en la que se trabaja en la generaci\u00f3n de empleo mediante servicios para emprendedores, de orientaci\u00f3n laboral, de formaci\u00f3n y de programas europeos.<\/p>\n<p><strong>Alzira y el voluntariado europeo<\/strong><\/p>\n<p>Desde IDEA se desarrollan dos proyectos de acogida bajo el nombre de &#8216;Alzira Youth Empowement I y II&#8217;. Cada programa cuenta con la participaci\u00f3n de dos j\u00f3venes (procedentes de Suecia y Rep\u00fablica Checa y de Serbia y Hungr\u00eda respectivamente), quienes en dos periodos de seis meses participan en las actividades orientadas a la creaci\u00f3n de nuevas oportunidades de empleo y de asesoramiento para la juventud.<\/p>\n<p>El municipio de Alzira, en su labor por fomentar el voluntariado europeo, tambi\u00e9n act\u00faa como entidad de env\u00edo a trav\u00e9s del proyecto \u00abYouth Training Madeira\u00bb, que ha permitido una estancia en Madeira durante siete meses. El proyecto se centra en apoyar a la juventud en su proceso de formaci\u00f3n a trav\u00e9s de experiencias interculturales de ayuda a j\u00f3venes con problemas de aprendizaje, ayuda en colegios desfavorecidos y escuelas de verano entre otras. En su conjunto, los tres proyectos de Alzira est\u00e1n dotados con 23.631 euros.<\/p>\n<p>Por ello, el nuevo programa &#8216;Erasmus +&#8217; permitir\u00e1 a Alzira y al resto de localidades de la Comunitat Valenciana continuar con su apuesta por el voluntariado europeo\u00bb, seg\u00fan ha indicado Sanchis, tras explicar que las ayudas concedidas a los proyectos de voluntariado europeo en la Comunitat supusieron cerca del 40% del total de 988.556 euros de dotaci\u00f3n total.<\/p>\n<p>En 2013, la Comunitat Valenciana consigui\u00f3 la aprobaci\u00f3n de un total de 73 proyectos europeos del Programa de Juventud en Acci\u00f3n frente a los 25 desarrollados en 2007. \u00abLos datos muestran una tendencia creciente en la participaci\u00f3n y el inter\u00e9s del colectivo juvenil por estos programas as\u00ed como nuestro esfuerzo informativo y divulgativo para dar el mayor numero de oportunidades a los j\u00f3venes\u00bb, ha indicado el director del IVAJ.GVA JOVE.<\/p>\n<p>Junto con el programa &#8216;Erasmus+&#8217;, el IVAJ.GVA JOVE ofrece otras propuestas con dimensi\u00f3n europea. Por un lado, destaca el Talent Campus, que permite a los j\u00f3venes participar en jornadas formativas en Italia para prepararse ante los nuevos retos profesionales del mercado laboral. Por otro lado, se ofrece el programa &#8216;Play Europe&#8217;, un proyecto europeo de intercambio y debate entre la juventud, organismos oficiales y pol\u00edticos. &#8216;Avant Jove&#8217; es otro de los programas desarrollados por el IVAJ.GVA JOVE en colaboraci\u00f3n con Europa, dentro de la garant\u00eda juvenil, que financia el asesoramiento y acompa\u00f1amiento de j\u00f3venes en situaci\u00f3n de desempleo para fomentar su integraci\u00f3n en el mercado laboral a trav\u00e9s del autoempleo.<\/p>\n<p><strong>&#8216;Erasmus+&#8217; en materia de Juventud<\/strong><\/p>\n<p>El programa contempla tres acciones diferenciadas. El primer grupo de acci\u00f3n integra las actividades de movilidad de los j\u00f3venes por motivos de aprendizaje, entre los que destacan los intercambios juveniles, el Servicio Voluntario Europeo o acciones de movilidad de trabajadores del campo de la juventud.<\/p>\n<p>Un segundo grupo de acci\u00f3n est\u00e1 constituido por proyectos orientados a la innovaci\u00f3n y el intercambio de buenas pr\u00e1cticas como el apoyo al desarrollo, la creaci\u00f3n de capacidades y el intercambio de conocimientos entre asociaciones.<\/p>\n<p>Por \u00faltimo, la secci\u00f3n de juventud de &#8216;Erasmus+&#8217;, aglutina en una tercera acci\u00f3n las propuestas dirigidas a promover el contacto entre los j\u00f3venes y los responsables de la toma de decisiones en el \u00e1mbito de la juventud.<\/p>\n<p>Las condiciones de participaci\u00f3n var\u00edan en funci\u00f3n de la acci\u00f3n en la que se solicita la ayuda y del pa\u00eds. Los plazos de presentaci\u00f3n tambi\u00e9n cambian seg\u00fan la acci\u00f3n a la que corresponde el proyecto. Se puede consultar el calendario de los plazos de solicitud en la p\u00e1gina web del IVAJ.GVA JOVE:\u00a0<a href=\"http:\/\/www.gvajove.es\/\">www.gvajove.es<\/a><\/p>\n<p>Esta iniciativa de difusi\u00f3n se realiza en colaboraci\u00f3n con la Agencia Nacional Espa\u00f1ola del Programa Juventud en Acci\u00f3n y finalizar\u00e1 el 7 marzo. Para poder asistir a alguna de presentaciones, es necesario inscribirse rellenando un breve formulario en la p\u00e1gina web del IVAJ.GVA JOVE. M\u00e1s informaci\u00f3n sobre el programa &#8216;Erasmus+&#8217; en la pesta\u00f1a Europa de la web\u00a0<a href=\"http:\/\/www.gvajove.es\/\">www.gvajove.es<\/a> o en el siguiente enlace:<\/p>\n","protected":false},"excerpt":{"rendered":"<div class=\"mh-excerpt\">El director del IVAJ. GVA JOVE, Marcos Sanchis, ha afirmado que &#8216;Erasmus +&#8217; \u00abpermite continuar con la internacionalizaci\u00f3n de las actividades desarrolladas por la juventud y da la oportunidad de que los proyectos de los <a class=\"mh-excerpt-more\" href=\"https:\/\/www.tucomarca.com\/wordpress\/segunda\/sanchis-erasmus-permitira-a-alzira-continuar-con-su-apuesta-por-el-voluntariado-europeo\/\" title=\"Sanchis: \u00abErasmus+ permitir\u00e1 a Alzira continuar con su apuesta por el voluntariado europeo\u00bb\">[+] <\/a><\/div>\n","protected":false},"author":1,"featured_media":23754,"comment_status":"open","ping_status":"open","sticky":false,"template":"","format":"standard","meta":{"footnotes":""},"categories":[69,8,42,3],"tags":[],"class_list":{"0":"post-23752","1":"post","2":"type-post","3":"status-publish","4":"format-standard","5":"has-post-thumbnail","7":"category-alzira","8":"category-la-comarca","9":"category-la-ribera","10":"category-seccion"},"_links":{"self":[{"href":"https:\/\/www.tucomarca.com\/wordpress\/segunda\/wp-json\/wp\/v2\/posts\/23752","targetHints":{"allow":["GET"]}}],"collection":[{"href":"https:\/\/www.tucomarca.com\/wordpress\/segunda\/wp-json\/wp\/v2\/posts"}],"about":[{"href":"https:\/\/www.tucomarca.com\/wordpress\/segunda\/wp-json\/wp\/v2\/types\/post"}],"author":[{"embeddable":true,"href":"https:\/\/www.tucomarca.com\/wordpress\/segunda\/wp-json\/wp\/v2\/users\/1"}],"replies":[{"embeddable":true,"href":"https:\/\/www.tucomarca.com\/wordpress\/segunda\/wp-json\/wp\/v2\/comments?post=23752"}],"version-history":[{"count":0,"href":"https:\/\/www.tucomarca.com\/wordpress\/segunda\/wp-json\/wp\/v2\/posts\/23752\/revisions"}],"wp:featuredmedia":[{"embeddable":true,"href":"https:\/\/www.tucomarca.com\/wordpress\/segunda\/wp-json\/wp\/v2\/media\/23754"}],"wp:attachment":[{"href":"https:\/\/www.tucomarca.com\/wordpress\/segunda\/wp-json\/wp\/v2\/media?parent=23752"}],"wp:term":[{"taxonomy":"category","embeddable":true,"href":"https:\/\/www.tucomarca.com\/wordpress\/segunda\/wp-json\/wp\/v2\/categories?post=23752"},{"taxonomy":"post_tag","embeddable":true,"href":"https:\/\/www.tucomarca.com\/wordpress\/segunda\/wp-json\/wp\/v2\/tags?post=23752"}],"curies":[{"name":"wp","href":"https:\/\/api.w.org\/{rel}","templated":true}]}}