{"id":237652,"date":"2024-09-23T14:00:00","date_gmt":"2024-09-23T12:00:00","guid":{"rendered":"https:\/\/www.tucomarca.com\/wordpress\/segunda\/?p=237652"},"modified":"2024-09-23T18:38:22","modified_gmt":"2024-09-23T16:38:22","slug":"cientos-de-corredores-inundan-las-calles-de-benaguasil-en-la-pujada-a-la-montieleta","status":"publish","type":"post","link":"https:\/\/www.tucomarca.com\/wordpress\/segunda\/cientos-de-corredores-inundan-las-calles-de-benaguasil-en-la-pujada-a-la-montieleta\/","title":{"rendered":"Cientos de corredores inundan las calles de Benaguasil en la Pujada a la Montieleta"},"content":{"rendered":"\n<h3 class=\"wp-block-heading\">La prueba est\u00e1 organizada por el club ACPL con el patrocinio del Ayuntamiento y de numerosos colaboradores.<\/h3>\n\n\n\n<p>Benaguasil volvi\u00f3 a vivir una tarde m\u00e1gica de running el pasado s\u00e1bado en la Pujada a la Montieleta, una carrera que este a\u00f1o cumple su XVII edici\u00f3n y en la que participaron 426 corredores. El pistoletazo de salida se produjo a las 18:30h desde la Avenida, transcurriendo la carrera por un firme mixto, inicialmente urbano que llev\u00f3 a los participantes hasta el Santuario de Montiel y por caminos de huerta para volver de nuevo a la Avenida, lugar en el que se ubic\u00f3 tambi\u00e9n la meta.<\/p>\n\n\n\n<p>El primer corredor en cruzar la l\u00ednea de meta fue Abdelmajid Elhissouf, con un tiempo de 00:32:01, mientras que en la categor\u00eda femenina fue Laura Domene Garc\u00eda quien se alcanz\u00f3 con la primera posici\u00f3n con un tiempo de 00:37:36, logrando ambos corredores batir el r\u00e9cord de la prueba. Respecto a los corredores locales, Javi Dom\u00ednguez que marc\u00f3 un tiempo de 00:36:38 y Cristina Villarroya (00:51:31) fueron los primeros en cruzar la meta.<\/p>\n\n\n\n<figure class=\"wp-block-gallery has-nested-images columns-2 is-cropped wp-block-gallery-1 is-layout-flex wp-block-gallery-is-layout-flex\">\n<figure class=\"wp-block-image size-large\"><img loading=\"lazy\" decoding=\"async\" width=\"886\" height=\"570\" data-id=\"237661\" src=\"https:\/\/www.tucomarca.com\/wordpress\/segunda\/wp-content\/uploads\/2024\/09\/BenaguasilPujadavencedeorlocal.jpg\" alt=\"\" class=\"wp-image-237661\" srcset=\"https:\/\/www.tucomarca.com\/wordpress\/segunda\/wp-content\/uploads\/2024\/09\/BenaguasilPujadavencedeorlocal.jpg 886w, https:\/\/www.tucomarca.com\/wordpress\/segunda\/wp-content\/uploads\/2024\/09\/BenaguasilPujadavencedeorlocal-300x193.jpg 300w, https:\/\/www.tucomarca.com\/wordpress\/segunda\/wp-content\/uploads\/2024\/09\/BenaguasilPujadavencedeorlocal-768x494.jpg 768w\" sizes=\"auto, (max-width: 886px) 100vw, 886px\" \/><\/figure>\n\n\n\n<figure class=\"wp-block-image size-large\"><img loading=\"lazy\" decoding=\"async\" width=\"886\" height=\"556\" data-id=\"237663\" src=\"https:\/\/www.tucomarca.com\/wordpress\/segunda\/wp-content\/uploads\/2024\/09\/BenaguasilPujadavencedor.jpg\" alt=\"\" class=\"wp-image-237663\" srcset=\"https:\/\/www.tucomarca.com\/wordpress\/segunda\/wp-content\/uploads\/2024\/09\/BenaguasilPujadavencedor.jpg 886w, https:\/\/www.tucomarca.com\/wordpress\/segunda\/wp-content\/uploads\/2024\/09\/BenaguasilPujadavencedor-300x188.jpg 300w, https:\/\/www.tucomarca.com\/wordpress\/segunda\/wp-content\/uploads\/2024\/09\/BenaguasilPujadavencedor-768x482.jpg 768w\" sizes=\"auto, (max-width: 886px) 100vw, 886px\" \/><\/figure>\n\n\n\n<figure class=\"wp-block-image size-large\"><img loading=\"lazy\" decoding=\"async\" width=\"886\" height=\"526\" data-id=\"237665\" src=\"https:\/\/www.tucomarca.com\/wordpress\/segunda\/wp-content\/uploads\/2024\/09\/BenaguasilPujadaSalida.jpg\" alt=\"\" class=\"wp-image-237665\" srcset=\"https:\/\/www.tucomarca.com\/wordpress\/segunda\/wp-content\/uploads\/2024\/09\/BenaguasilPujadaSalida.jpg 886w, https:\/\/www.tucomarca.com\/wordpress\/segunda\/wp-content\/uploads\/2024\/09\/BenaguasilPujadaSalida-300x178.jpg 300w, https:\/\/www.tucomarca.com\/wordpress\/segunda\/wp-content\/uploads\/2024\/09\/BenaguasilPujadaSalida-768x456.jpg 768w\" sizes=\"auto, (max-width: 886px) 100vw, 886px\" \/><\/figure>\n<\/figure>\n\n\n\n<p>Como es habitual en este evento, se registr\u00f3 en todo momento un gran ambiente, tanto por la alta participaci\u00f3n de atletas, como por la presencia de numerosos vecinos y aficionados, que quisieron disfrutar de la carrera en directo, y animar tambi\u00e9n a los participantes en la misma, logrando convertir esta cita en una aut\u00e9ntica fiesta del deporte.<\/p>\n\n\n\n<p>Tras finalizar la prueba, se procedi\u00f3 a la entrega de trofeos por parte de las autoridades locales a los tres primeros clasificados de cada categor\u00eda y al equipo m\u00e1s numeroso, entre otros. premios<br>La carrera de 10kms de distancia, est\u00e1 incluida en el Circuito de Carreras Populares de la Diputaci\u00f3n de Valencia y fue organizada por el club ACPL con el patrocinio del Ayuntamiento y de los colaboradores una distancia de 10K.<\/p>\n","protected":false},"excerpt":{"rendered":"<div class=\"mh-excerpt\">La prueba est\u00e1 organizada por el club ACPL con el patrocinio del Ayuntamiento y de numerosos colaboradores. Benaguasil volvi\u00f3 a vivir una tarde m\u00e1gica de running el pasado s\u00e1bado en la Pujada a la Montieleta, <a class=\"mh-excerpt-more\" href=\"https:\/\/www.tucomarca.com\/wordpress\/segunda\/cientos-de-corredores-inundan-las-calles-de-benaguasil-en-la-pujada-a-la-montieleta\/\" title=\"Cientos de corredores inundan las calles de Benaguasil en la Pujada a la Montieleta\">[+] <\/a><\/div>\n","protected":false},"author":12,"featured_media":237659,"comment_status":"open","ping_status":"open","sticky":false,"template":"","format":"gallery","meta":{"footnotes":""},"categories":[98,172,46,6,8,3,45],"tags":[10429,10395,17842],"class_list":{"0":"post-237652","1":"post","2":"type-post","3":"status-publish","4":"format-gallery","5":"has-post-thumbnail","7":"category-atletismo","8":"category-benaguasil","9":"category-camp-de-turia","10":"category-deportes","11":"category-la-comarca","12":"category-seccion","13":"category-ventana","14":"tag-benaguasil","15":"tag-camp-de-turia","16":"tag-pujada-a-la-montieleta","17":"post_format-post-format-gallery"},"_links":{"self":[{"href":"https:\/\/www.tucomarca.com\/wordpress\/segunda\/wp-json\/wp\/v2\/posts\/237652","targetHints":{"allow":["GET"]}}],"collection":[{"href":"https:\/\/www.tucomarca.com\/wordpress\/segunda\/wp-json\/wp\/v2\/posts"}],"about":[{"href":"https:\/\/www.tucomarca.com\/wordpress\/segunda\/wp-json\/wp\/v2\/types\/post"}],"author":[{"embeddable":true,"href":"https:\/\/www.tucomarca.com\/wordpress\/segunda\/wp-json\/wp\/v2\/users\/12"}],"replies":[{"embeddable":true,"href":"https:\/\/www.tucomarca.com\/wordpress\/segunda\/wp-json\/wp\/v2\/comments?post=237652"}],"version-history":[{"count":0,"href":"https:\/\/www.tucomarca.com\/wordpress\/segunda\/wp-json\/wp\/v2\/posts\/237652\/revisions"}],"wp:featuredmedia":[{"embeddable":true,"href":"https:\/\/www.tucomarca.com\/wordpress\/segunda\/wp-json\/wp\/v2\/media\/237659"}],"wp:attachment":[{"href":"https:\/\/www.tucomarca.com\/wordpress\/segunda\/wp-json\/wp\/v2\/media?parent=237652"}],"wp:term":[{"taxonomy":"category","embeddable":true,"href":"https:\/\/www.tucomarca.com\/wordpress\/segunda\/wp-json\/wp\/v2\/categories?post=237652"},{"taxonomy":"post_tag","embeddable":true,"href":"https:\/\/www.tucomarca.com\/wordpress\/segunda\/wp-json\/wp\/v2\/tags?post=237652"}],"curies":[{"name":"wp","href":"https:\/\/api.w.org\/{rel}","templated":true}]}}