{"id":23766,"date":"2014-02-28T22:27:16","date_gmt":"2014-02-28T19:27:16","guid":{"rendered":"http:\/\/www.tucomarca.com\/wordpress\/segunda\/?p=23766"},"modified":"2014-02-28T22:27:16","modified_gmt":"2014-02-28T19:27:16","slug":"pregon-fallero-en-cheste","status":"publish","type":"post","link":"https:\/\/www.tucomarca.com\/wordpress\/segunda\/pregon-fallero-en-cheste\/","title":{"rendered":"Preg\u00f3n fallero en Cheste"},"content":{"rendered":"<p>Este s\u00e1bado 1 de marzo, el Teatro Liceo acoge a partir de las 19 horas el preg\u00f3n fallero protagonizado por las comisiones La Alegr\u00eda e Industria y Comercio. Con este acto se dar\u00e1 por iniciado el ciclo josefino.<\/p>\n","protected":false},"excerpt":{"rendered":"<div class=\"mh-excerpt\">Este s\u00e1bado 1 de marzo, el Teatro Liceo acoge a partir de las 19 horas el preg\u00f3n fallero protagonizado por las comisiones La Alegr\u00eda e Industria y Comercio. Con este acto se dar\u00e1 por iniciado <a class=\"mh-excerpt-more\" href=\"https:\/\/www.tucomarca.com\/wordpress\/segunda\/pregon-fallero-en-cheste\/\" title=\"Preg\u00f3n fallero en Cheste\">[+] <\/a><\/div>\n","protected":false},"author":2,"featured_media":0,"comment_status":"open","ping_status":"open","sticky":false,"template":"","format":"standard","meta":{"footnotes":""},"categories":[4,3],"tags":[339,3502,688,3503,710],"class_list":{"0":"post-23766","1":"post","2":"type-post","3":"status-publish","4":"format-standard","6":"category-agenda","7":"category-seccion","8":"tag-cheste-2","9":"tag-falla-alegria","10":"tag-fallero","11":"tag-industria-y-comercio","12":"tag-pregon"},"_links":{"self":[{"href":"https:\/\/www.tucomarca.com\/wordpress\/segunda\/wp-json\/wp\/v2\/posts\/23766","targetHints":{"allow":["GET"]}}],"collection":[{"href":"https:\/\/www.tucomarca.com\/wordpress\/segunda\/wp-json\/wp\/v2\/posts"}],"about":[{"href":"https:\/\/www.tucomarca.com\/wordpress\/segunda\/wp-json\/wp\/v2\/types\/post"}],"author":[{"embeddable":true,"href":"https:\/\/www.tucomarca.com\/wordpress\/segunda\/wp-json\/wp\/v2\/users\/2"}],"replies":[{"embeddable":true,"href":"https:\/\/www.tucomarca.com\/wordpress\/segunda\/wp-json\/wp\/v2\/comments?post=23766"}],"version-history":[{"count":0,"href":"https:\/\/www.tucomarca.com\/wordpress\/segunda\/wp-json\/wp\/v2\/posts\/23766\/revisions"}],"wp:attachment":[{"href":"https:\/\/www.tucomarca.com\/wordpress\/segunda\/wp-json\/wp\/v2\/media?parent=23766"}],"wp:term":[{"taxonomy":"category","embeddable":true,"href":"https:\/\/www.tucomarca.com\/wordpress\/segunda\/wp-json\/wp\/v2\/categories?post=23766"},{"taxonomy":"post_tag","embeddable":true,"href":"https:\/\/www.tucomarca.com\/wordpress\/segunda\/wp-json\/wp\/v2\/tags?post=23766"}],"curies":[{"name":"wp","href":"https:\/\/api.w.org\/{rel}","templated":true}]}}