{"id":237672,"date":"2024-09-23T13:30:00","date_gmt":"2024-09-23T11:30:00","guid":{"rendered":"https:\/\/www.tucomarca.com\/wordpress\/segunda\/?p=237672"},"modified":"2024-09-23T18:36:08","modified_gmt":"2024-09-23T16:36:08","slug":"cheste-acoge-el-xiii-encuentro-estatal-de-monedas-sociales","status":"publish","type":"post","link":"https:\/\/www.tucomarca.com\/wordpress\/segunda\/cheste-acoge-el-xiii-encuentro-estatal-de-monedas-sociales\/","title":{"rendered":"Cheste acoge el XIII Encuentro estatal de monedas sociales"},"content":{"rendered":"\n<p>Este pasado fin de semana Cheste acogi\u00f3 el XIII Encuentro estatal de monedas sociales, complementarias y libres, organizado desde la Xarxa de Xarxes d\u2019Intercanvi Valencianes, junto con las concejal\u00edas de Cultura y Medio Ambiente del Ayuntamiento de Cheste.<\/p>\n\n\n\n<p>El programa del encuentro cont\u00f3 con numerosas actividades gratuitas y abiertas al p\u00fablico, como debates, asambleas, conferencias y talleres pr\u00e1cticos, as\u00ed como con un mercadillo de intercambio y actividades grupales al aire libre. La inauguraci\u00f3n del evento tuvo lugar el s\u00e1bado, 21 de septiembre, en el Centro de Formaci\u00f3n de Personas Adultas, en un acto en el que las personas organizadoras presentaron los objetivos del encuentro y agradecieron la colaboraci\u00f3n y la participaci\u00f3n del p\u00fablico asistente.<\/p>\n\n\n\n<p>La coordinadora del evento en Cheste y miembro de la EcoRed La Hoya, Nicol Navas, fue la encargada de abrir el acto, poniendo en valor el trabajo realizado para organizar el encuentro. \u201cEstoy muy orgullosa de que hayamos sido capaces de unirnos m\u00e1s y de que esto siga avanzando. La filosof\u00eda para la puesta en marcha de este encuentro ha sido no utilizar los euros en los mercados, ya que nunca los utilizamos. Nos encontramos con la dificultad de trabajar con las diferentes plataformas que se utilizan en las redes de moneda social de toda Espa\u00f1a, y por eso, al equipo inform\u00e1tico se le ocurri\u00f3 la idea de crear un billete para que todo el mundo pudiera trabajar con \u00e9l en este encuentro, al que pusimos el nombre de chest\u00edn; tambi\u00e9n se hizo un logo para ese billete, a trav\u00e9s de un concurso\u201d, explicaba Navas.<\/p>\n\n\n\n<figure class=\"wp-block-gallery has-nested-images columns-default is-cropped wp-block-gallery-1 is-layout-flex wp-block-gallery-is-layout-flex\">\n<figure class=\"wp-block-image size-large\"><img loading=\"lazy\" decoding=\"async\" width=\"886\" height=\"591\" data-id=\"237693\" src=\"https:\/\/www.tucomarca.com\/wordpress\/segunda\/wp-content\/uploads\/2024\/09\/ChesteMonedaSocial_1.jpg\" alt=\"\" class=\"wp-image-237693\" srcset=\"https:\/\/www.tucomarca.com\/wordpress\/segunda\/wp-content\/uploads\/2024\/09\/ChesteMonedaSocial_1.jpg 886w, https:\/\/www.tucomarca.com\/wordpress\/segunda\/wp-content\/uploads\/2024\/09\/ChesteMonedaSocial_1-300x200.jpg 300w, https:\/\/www.tucomarca.com\/wordpress\/segunda\/wp-content\/uploads\/2024\/09\/ChesteMonedaSocial_1-768x512.jpg 768w\" sizes=\"auto, (max-width: 886px) 100vw, 886px\" \/><\/figure>\n\n\n\n<figure class=\"wp-block-image size-large\"><img loading=\"lazy\" decoding=\"async\" width=\"886\" height=\"590\" data-id=\"237705\" src=\"https:\/\/www.tucomarca.com\/wordpress\/segunda\/wp-content\/uploads\/2024\/09\/ChesteMonedaSocial_6.jpg\" alt=\"\" class=\"wp-image-237705\" srcset=\"https:\/\/www.tucomarca.com\/wordpress\/segunda\/wp-content\/uploads\/2024\/09\/ChesteMonedaSocial_6.jpg 886w, https:\/\/www.tucomarca.com\/wordpress\/segunda\/wp-content\/uploads\/2024\/09\/ChesteMonedaSocial_6-300x200.jpg 300w, https:\/\/www.tucomarca.com\/wordpress\/segunda\/wp-content\/uploads\/2024\/09\/ChesteMonedaSocial_6-768x511.jpg 768w\" sizes=\"auto, (max-width: 886px) 100vw, 886px\" \/><\/figure>\n<\/figure>\n\n\n\n<p>Por su parte, la concejala de Cultura, M\u00aa \u00c1ngeles Llorente, hizo hincapi\u00e9 en la trascendencia social de la iniciativa. \u201cQuiero felicitar a todas las personas aqu\u00ed presentes por haber tomado la decisi\u00f3n de dedicar este fin de semana a debatir teor\u00edas y pr\u00e1cticas que nos permitan mejorar la vida; intervenir en la econom\u00eda con criterios de ecolog\u00eda, cercan\u00eda y justicia social es un reto que hac\u00e9is realidad d\u00eda a d\u00eda, con su altruismo y vitalidad, estando en continua formaci\u00f3n. Sois agentes de transformaci\u00f3n, eslabones de una cadena hacia otras maneras de construir sociedades m\u00e1s respetuosas con la vida; es una satisfacci\u00f3n para m\u00ed ver reunidas a m\u00e1s de cien personas compartiendo esta manera de ver el mundo, personas que se resisten a aceptar la injusticia, el saqueo de los recursos naturales, el consumismo salvaje y el ocio programado\u201d, manifestaba la concejala.<\/p>\n\n\n\n<p>Por \u00faltimo, los encargados de la comunicaci\u00f3n y dinamizaci\u00f3n del evento destacaron la importancia de este tipo de encuentros colectivos para aprender y experimentar en el \u00e1mbito de las monedas alternativas.<\/p>\n\n\n\n<p><strong>Presentaci\u00f3n de monedas<\/strong><\/p>\n\n\n\n<figure class=\"wp-block-image size-full\"><img loading=\"lazy\" decoding=\"async\" width=\"886\" height=\"591\" src=\"https:\/\/www.tucomarca.com\/wordpress\/segunda\/wp-content\/uploads\/2024\/09\/ChesteMonedaSocial_4.jpg\" alt=\"\" class=\"wp-image-237691\" srcset=\"https:\/\/www.tucomarca.com\/wordpress\/segunda\/wp-content\/uploads\/2024\/09\/ChesteMonedaSocial_4.jpg 886w, https:\/\/www.tucomarca.com\/wordpress\/segunda\/wp-content\/uploads\/2024\/09\/ChesteMonedaSocial_4-300x200.jpg 300w, https:\/\/www.tucomarca.com\/wordpress\/segunda\/wp-content\/uploads\/2024\/09\/ChesteMonedaSocial_4-768x512.jpg 768w\" sizes=\"auto, (max-width: 886px) 100vw, 886px\" \/><\/figure>\n\n\n\n<p><br>Tras los discursos de bienvenida, se hizo una din\u00e1mica entre las personas asistentes, con el objetivo de entrar en contacto, y se procedi\u00f3 a la ronda de presentaci\u00f3n de monedas sociales procedentes de diferentes puntos de la Comunidad Valenciana, de Murcia, Barcelona, Le\u00f3n o San Sebasti\u00e1n, entre otros. Tambi\u00e9n se explicaron los proyectos m\u00e1s novedosos basados en el intercambio o trueque.<\/p>\n\n\n\n<p><strong>Mercadillo de intercambio<\/strong><\/p>\n\n\n\n<figure class=\"wp-block-gallery has-nested-images columns-default is-cropped wp-block-gallery-2 is-layout-flex wp-block-gallery-is-layout-flex\">\n<figure class=\"wp-block-image size-full\"><img loading=\"lazy\" decoding=\"async\" width=\"886\" height=\"591\" data-id=\"237699\" src=\"https:\/\/www.tucomarca.com\/wordpress\/segunda\/wp-content\/uploads\/2024\/09\/ChesteMonedaSocial_3.jpg\" alt=\"\" class=\"wp-image-237699\" srcset=\"https:\/\/www.tucomarca.com\/wordpress\/segunda\/wp-content\/uploads\/2024\/09\/ChesteMonedaSocial_3.jpg 886w, https:\/\/www.tucomarca.com\/wordpress\/segunda\/wp-content\/uploads\/2024\/09\/ChesteMonedaSocial_3-300x200.jpg 300w, https:\/\/www.tucomarca.com\/wordpress\/segunda\/wp-content\/uploads\/2024\/09\/ChesteMonedaSocial_3-768x512.jpg 768w\" sizes=\"auto, (max-width: 886px) 100vw, 886px\" \/><\/figure>\n\n\n\n<figure class=\"wp-block-image size-full\"><img loading=\"lazy\" decoding=\"async\" width=\"886\" height=\"591\" data-id=\"237697\" src=\"https:\/\/www.tucomarca.com\/wordpress\/segunda\/wp-content\/uploads\/2024\/09\/ChesteMonedaSocial_5.jpg\" alt=\"\" class=\"wp-image-237697\" srcset=\"https:\/\/www.tucomarca.com\/wordpress\/segunda\/wp-content\/uploads\/2024\/09\/ChesteMonedaSocial_5.jpg 886w, https:\/\/www.tucomarca.com\/wordpress\/segunda\/wp-content\/uploads\/2024\/09\/ChesteMonedaSocial_5-300x200.jpg 300w, https:\/\/www.tucomarca.com\/wordpress\/segunda\/wp-content\/uploads\/2024\/09\/ChesteMonedaSocial_5-768x512.jpg 768w\" sizes=\"auto, (max-width: 886px) 100vw, 886px\" \/><\/figure>\n<\/figure>\n\n\n\n<p><br>El domingo por la ma\u00f1ana, el parque de La Lomiquia fue el escenario de un mercado de intercambio de productos diversos, desde hortalizas a productos artesanos, en los que solo se utiliz\u00f3 moneda social. Paralelamente, se llevaron a cabo actividades como biodanza, ecocan\u00e7ons, un taller de horno solar o un recorrido por las plantas silvestres del parque.<\/p>\n\n\n\n<p>\u201cEl encuentro ha contado con mucha gente, ha atra\u00eddo a muchas personas de diferentes partes de Espa\u00f1a, ha habido muchas actividades de concienciaci\u00f3n ambiental y han estado muy presentes los productos de cercan\u00eda y ecol\u00f3gicos\u201d, ha apuntado el concejal de Medio Ambiente, David Pujals. \u201cEsperamos que se puedan repetir m\u00e1s eventos como este en Cheste, en los que se intenta fomentar la gesti\u00f3n propia de la ciudadan\u00eda a trav\u00e9s del intercambio\u201d.<\/p>\n","protected":false},"excerpt":{"rendered":"<div class=\"mh-excerpt\">Este pasado fin de semana Cheste acogi\u00f3 el XIII Encuentro estatal de monedas sociales, complementarias y libres, organizado desde la Xarxa de Xarxes d\u2019Intercanvi Valencianes, junto con las concejal\u00edas de Cultura y Medio Ambiente del <a class=\"mh-excerpt-more\" href=\"https:\/\/www.tucomarca.com\/wordpress\/segunda\/cheste-acoge-el-xiii-encuentro-estatal-de-monedas-sociales\/\" title=\"Cheste acoge el XIII Encuentro estatal de monedas sociales\">[+] <\/a><\/div>\n","protected":false},"author":12,"featured_media":237695,"comment_status":"open","ping_status":"open","sticky":false,"template":"","format":"gallery","meta":{"footnotes":""},"categories":[17,8,10,7,3],"tags":[339,5952,21245],"class_list":{"0":"post-237672","1":"post","2":"type-post","3":"status-publish","4":"format-gallery","5":"has-post-thumbnail","7":"category-cheste","8":"category-la-comarca","9":"category-la-hoya","10":"category-ocio-y-cultura","11":"category-seccion","12":"tag-cheste-2","13":"tag-la-hoya-de-bunol-chiva","14":"tag-xiii-encuentro-estatal-de-monedas-sociales","15":"post_format-post-format-gallery"},"_links":{"self":[{"href":"https:\/\/www.tucomarca.com\/wordpress\/segunda\/wp-json\/wp\/v2\/posts\/237672","targetHints":{"allow":["GET"]}}],"collection":[{"href":"https:\/\/www.tucomarca.com\/wordpress\/segunda\/wp-json\/wp\/v2\/posts"}],"about":[{"href":"https:\/\/www.tucomarca.com\/wordpress\/segunda\/wp-json\/wp\/v2\/types\/post"}],"author":[{"embeddable":true,"href":"https:\/\/www.tucomarca.com\/wordpress\/segunda\/wp-json\/wp\/v2\/users\/12"}],"replies":[{"embeddable":true,"href":"https:\/\/www.tucomarca.com\/wordpress\/segunda\/wp-json\/wp\/v2\/comments?post=237672"}],"version-history":[{"count":0,"href":"https:\/\/www.tucomarca.com\/wordpress\/segunda\/wp-json\/wp\/v2\/posts\/237672\/revisions"}],"wp:featuredmedia":[{"embeddable":true,"href":"https:\/\/www.tucomarca.com\/wordpress\/segunda\/wp-json\/wp\/v2\/media\/237695"}],"wp:attachment":[{"href":"https:\/\/www.tucomarca.com\/wordpress\/segunda\/wp-json\/wp\/v2\/media?parent=237672"}],"wp:term":[{"taxonomy":"category","embeddable":true,"href":"https:\/\/www.tucomarca.com\/wordpress\/segunda\/wp-json\/wp\/v2\/categories?post=237672"},{"taxonomy":"post_tag","embeddable":true,"href":"https:\/\/www.tucomarca.com\/wordpress\/segunda\/wp-json\/wp\/v2\/tags?post=237672"}],"curies":[{"name":"wp","href":"https:\/\/api.w.org\/{rel}","templated":true}]}}