{"id":23771,"date":"2014-02-28T22:22:56","date_gmt":"2014-02-28T19:22:56","guid":{"rendered":"http:\/\/www.tucomarca.com\/wordpress\/segunda\/?p=23771"},"modified":"2014-02-28T22:22:56","modified_gmt":"2014-02-28T19:22:56","slug":"concierto-de-primavera-de-la-sam-benifaio","status":"publish","type":"post","link":"https:\/\/www.tucomarca.com\/wordpress\/segunda\/concierto-de-primavera-de-la-sam-benifaio\/","title":{"rendered":"Concierto de primavera de la SAM Benifai\u00f3"},"content":{"rendered":"<p>La Sociedad Art\u00edstica Musical de Benifai\u00f3 ofrecer\u00e1 el pr\u00f3ximo domingo 2 de marzo su tradicional CONCIERTO DE PRIMAVERA. La cita ser\u00e1 a las 19:00h en el centro Cultural Enric Valor.<\/p>\n<p>En el acto los asistentes podr\u00e1n escuchar, adem\u00e1s del programa musical preparado,  los cinco himnos propios de las cinco comisiones falleras locales (Santa B\u00e1rbara, Arturo M\u00e1s, Mitra Capa, La Verge y Sant Josep) que la SAM Benifai\u00f3 ha preparado para la ocasi\u00f3n y que, como obsequio, regalaran grabados en un CD a cada presidente de falla y junta local fallera.<\/p>\n","protected":false},"excerpt":{"rendered":"<div class=\"mh-excerpt\">La Sociedad Art\u00edstica Musical de Benifai\u00f3 ofrecer\u00e1 el pr\u00f3ximo domingo 2 de marzo su tradicional CONCIERTO DE PRIMAVERA. La cita ser\u00e1 a las 19:00h en el centro Cultural Enric Valor. En el acto los asistentes <a class=\"mh-excerpt-more\" href=\"https:\/\/www.tucomarca.com\/wordpress\/segunda\/concierto-de-primavera-de-la-sam-benifaio\/\" title=\"Concierto de primavera de la SAM Benifai\u00f3\">[+] <\/a><\/div>\n","protected":false},"author":2,"featured_media":0,"comment_status":"open","ping_status":"open","sticky":false,"template":"","format":"standard","meta":{"footnotes":""},"categories":[4,3],"tags":[95,80,919,3504],"class_list":{"0":"post-23771","1":"post","2":"type-post","3":"status-publish","4":"format-standard","6":"category-agenda","7":"category-seccion","8":"tag-concierto","9":"tag-fallas","10":"tag-primavera","11":"tag-sam-benifaio"},"_links":{"self":[{"href":"https:\/\/www.tucomarca.com\/wordpress\/segunda\/wp-json\/wp\/v2\/posts\/23771","targetHints":{"allow":["GET"]}}],"collection":[{"href":"https:\/\/www.tucomarca.com\/wordpress\/segunda\/wp-json\/wp\/v2\/posts"}],"about":[{"href":"https:\/\/www.tucomarca.com\/wordpress\/segunda\/wp-json\/wp\/v2\/types\/post"}],"author":[{"embeddable":true,"href":"https:\/\/www.tucomarca.com\/wordpress\/segunda\/wp-json\/wp\/v2\/users\/2"}],"replies":[{"embeddable":true,"href":"https:\/\/www.tucomarca.com\/wordpress\/segunda\/wp-json\/wp\/v2\/comments?post=23771"}],"version-history":[{"count":0,"href":"https:\/\/www.tucomarca.com\/wordpress\/segunda\/wp-json\/wp\/v2\/posts\/23771\/revisions"}],"wp:attachment":[{"href":"https:\/\/www.tucomarca.com\/wordpress\/segunda\/wp-json\/wp\/v2\/media?parent=23771"}],"wp:term":[{"taxonomy":"category","embeddable":true,"href":"https:\/\/www.tucomarca.com\/wordpress\/segunda\/wp-json\/wp\/v2\/categories?post=23771"},{"taxonomy":"post_tag","embeddable":true,"href":"https:\/\/www.tucomarca.com\/wordpress\/segunda\/wp-json\/wp\/v2\/tags?post=23771"}],"curies":[{"name":"wp","href":"https:\/\/api.w.org\/{rel}","templated":true}]}}