{"id":23773,"date":"2014-02-28T23:15:45","date_gmt":"2014-02-28T20:15:45","guid":{"rendered":"http:\/\/www.tucomarca.com\/wordpress\/segunda\/?p=23773"},"modified":"2014-02-28T23:15:45","modified_gmt":"2014-02-28T20:15:45","slug":"alborache-disfruta-de-su-fiesta-fallera","status":"publish","type":"post","link":"https:\/\/www.tucomarca.com\/wordpress\/segunda\/alborache-disfruta-de-su-fiesta-fallera\/","title":{"rendered":"Alborache disfruta de su fiesta fallera"},"content":{"rendered":"<p>Alborache es la primera poblaci\u00f3n de la comarca en celebrar la fiesta fallera.<br \/>\nEl s\u00e1bado comenzar\u00e1 a las 8 horas con la venta de bu\u00f1uelos y chocolate, para posteriormente dar rienda suelta a la diversi\u00f3n con los juegos infantiles. A las 14 horas est\u00e1 prevista una globot\u00e0, mientras que a las 17 horas comenzar\u00e1 la ofrenda floral con salida desde el monolito. La cena de sobaquillo de las 21,30 horas preceder\u00e1 la discom\u00f3vil que cerrar\u00e1 la jornada.<br \/>\nEl domingo, d\u00eda grande, la jornada se inaugurar\u00e1 con el reparto de bu\u00f1uelos y chocolate, para continuar con el pasacalle de recogida de la Fallera Mayor, quien participar\u00e1 en la entrevista  en la eucarist\u00eda en honor a San Jos\u00e9 (12,30 horas). A las 14 horas se celebrar\u00e1 una mini masclet\u00e0, para continuar a las 17 horas con juegos para todos los p\u00fablicos y merienda para los ni\u00f1os.<br \/>\nA las 20 horas comenzar\u00e1 el pasacalle previo a la crem\u00e0 del monumento fallero, que este a\u00f1o estar\u00e1 dedicado al Circo.<\/p>\n","protected":false},"excerpt":{"rendered":"<div class=\"mh-excerpt\">Alborache es la primera poblaci\u00f3n de la comarca en celebrar la fiesta fallera. El s\u00e1bado comenzar\u00e1 a las 8 horas con la venta de bu\u00f1uelos y chocolate, para posteriormente dar rienda suelta a la diversi\u00f3n <a class=\"mh-excerpt-more\" href=\"https:\/\/www.tucomarca.com\/wordpress\/segunda\/alborache-disfruta-de-su-fiesta-fallera\/\" title=\"Alborache disfruta de su fiesta fallera\">[+] <\/a><\/div>\n","protected":false},"author":2,"featured_media":0,"comment_status":"open","ping_status":"open","sticky":false,"template":"","format":"standard","meta":{"footnotes":""},"categories":[4,3],"tags":[10386,3505,3506,1693],"class_list":{"0":"post-23773","1":"post","2":"type-post","3":"status-publish","4":"format-standard","6":"category-agenda","7":"category-seccion","8":"tag-alborache","9":"tag-fiesta-fallera","10":"tag-primera-poblacion","11":"tag-provincia"},"_links":{"self":[{"href":"https:\/\/www.tucomarca.com\/wordpress\/segunda\/wp-json\/wp\/v2\/posts\/23773","targetHints":{"allow":["GET"]}}],"collection":[{"href":"https:\/\/www.tucomarca.com\/wordpress\/segunda\/wp-json\/wp\/v2\/posts"}],"about":[{"href":"https:\/\/www.tucomarca.com\/wordpress\/segunda\/wp-json\/wp\/v2\/types\/post"}],"author":[{"embeddable":true,"href":"https:\/\/www.tucomarca.com\/wordpress\/segunda\/wp-json\/wp\/v2\/users\/2"}],"replies":[{"embeddable":true,"href":"https:\/\/www.tucomarca.com\/wordpress\/segunda\/wp-json\/wp\/v2\/comments?post=23773"}],"version-history":[{"count":0,"href":"https:\/\/www.tucomarca.com\/wordpress\/segunda\/wp-json\/wp\/v2\/posts\/23773\/revisions"}],"wp:attachment":[{"href":"https:\/\/www.tucomarca.com\/wordpress\/segunda\/wp-json\/wp\/v2\/media?parent=23773"}],"wp:term":[{"taxonomy":"category","embeddable":true,"href":"https:\/\/www.tucomarca.com\/wordpress\/segunda\/wp-json\/wp\/v2\/categories?post=23773"},{"taxonomy":"post_tag","embeddable":true,"href":"https:\/\/www.tucomarca.com\/wordpress\/segunda\/wp-json\/wp\/v2\/tags?post=23773"}],"curies":[{"name":"wp","href":"https:\/\/api.w.org\/{rel}","templated":true}]}}