{"id":23775,"date":"2014-02-28T22:23:51","date_gmt":"2014-02-28T19:23:51","guid":{"rendered":"http:\/\/www.tucomarca.com\/wordpress\/segunda\/?p=23775"},"modified":"2014-02-28T22:23:55","modified_gmt":"2014-02-28T19:23:55","slug":"charla-para-los-agricultores-en-cheste","status":"publish","type":"post","link":"https:\/\/www.tucomarca.com\/wordpress\/segunda\/charla-para-los-agricultores-en-cheste\/","title":{"rendered":"Charla para los agricultores en Cheste"},"content":{"rendered":"<figure id=\"attachment_23776\" aria-describedby=\"caption-attachment-23776\" style=\"width: 212px\" class=\"wp-caption alignleft\"><a rel=\"attachment wp-att-23776\" href=\"https:\/\/www.tucomarca.com\/wordpress\/segunda\/?attachment_id=23776\"><img loading=\"lazy\" decoding=\"async\" class=\"size-medium wp-image-23776\" title=\"cartel charla riego 3 copia\" src=\"https:\/\/www.tucomarca.com\/wordpress\/segunda\/wp-content\/uploads\/2014\/02\/cartel-charla-riego-3-copia-212x300.jpg\" alt=\"\" width=\"212\" height=\"300\" srcset=\"https:\/\/www.tucomarca.com\/wordpress\/segunda\/wp-content\/uploads\/2014\/02\/cartel-charla-riego-3-copia-212x300.jpg 212w, https:\/\/www.tucomarca.com\/wordpress\/segunda\/wp-content\/uploads\/2014\/02\/cartel-charla-riego-3-copia-724x1024.jpg 724w, https:\/\/www.tucomarca.com\/wordpress\/segunda\/wp-content\/uploads\/2014\/02\/cartel-charla-riego-3-copia-1024x1448.jpg 1024w\" sizes=\"auto, (max-width: 212px) 100vw, 212px\" \/><\/a><figcaption id=\"caption-attachment-23776\" class=\"wp-caption-text\">Cartel de la charla. tc.c<\/figcaption><\/figure>\n<p>El Ayuntamiento de Cheste a trav\u00e9s de su Concejal\u00eda de Agricultura y la Caja Rural informan que este viernes a las 19h en el Sal\u00f3n de Actos de la Caja Rural de Cheste tendr\u00e1 lugar la Conferencia \u00abHerramientas para mejorar la eficiencia en Riego\u00bb de manos de Lu\u00eds Bonet P\u00e9rez de Le\u00f3n, del Servicio de Tecnolog\u00eda de Riego del IVIA.<\/p>\n<p>&nbsp;<\/p>\n","protected":false},"excerpt":{"rendered":"<div class=\"mh-excerpt\">El Ayuntamiento de Cheste a trav\u00e9s de su Concejal\u00eda de Agricultura y la Caja Rural informan que este viernes a las 19h en el Sal\u00f3n de Actos de la Caja Rural de Cheste tendr\u00e1 lugar <a class=\"mh-excerpt-more\" href=\"https:\/\/www.tucomarca.com\/wordpress\/segunda\/charla-para-los-agricultores-en-cheste\/\" title=\"Charla para los agricultores en Cheste\">[+] <\/a><\/div>\n","protected":false},"author":2,"featured_media":23776,"comment_status":"open","ping_status":"open","sticky":false,"template":"","format":"standard","meta":{"footnotes":""},"categories":[4,3],"tags":[955,471,339,3507],"class_list":{"0":"post-23775","1":"post","2":"type-post","3":"status-publish","4":"format-standard","5":"has-post-thumbnail","7":"category-agenda","8":"category-seccion","9":"tag-agricultores","10":"tag-charla","11":"tag-cheste-2","12":"tag-riego"},"_links":{"self":[{"href":"https:\/\/www.tucomarca.com\/wordpress\/segunda\/wp-json\/wp\/v2\/posts\/23775","targetHints":{"allow":["GET"]}}],"collection":[{"href":"https:\/\/www.tucomarca.com\/wordpress\/segunda\/wp-json\/wp\/v2\/posts"}],"about":[{"href":"https:\/\/www.tucomarca.com\/wordpress\/segunda\/wp-json\/wp\/v2\/types\/post"}],"author":[{"embeddable":true,"href":"https:\/\/www.tucomarca.com\/wordpress\/segunda\/wp-json\/wp\/v2\/users\/2"}],"replies":[{"embeddable":true,"href":"https:\/\/www.tucomarca.com\/wordpress\/segunda\/wp-json\/wp\/v2\/comments?post=23775"}],"version-history":[{"count":0,"href":"https:\/\/www.tucomarca.com\/wordpress\/segunda\/wp-json\/wp\/v2\/posts\/23775\/revisions"}],"wp:featuredmedia":[{"embeddable":true,"href":"https:\/\/www.tucomarca.com\/wordpress\/segunda\/wp-json\/wp\/v2\/media\/23776"}],"wp:attachment":[{"href":"https:\/\/www.tucomarca.com\/wordpress\/segunda\/wp-json\/wp\/v2\/media?parent=23775"}],"wp:term":[{"taxonomy":"category","embeddable":true,"href":"https:\/\/www.tucomarca.com\/wordpress\/segunda\/wp-json\/wp\/v2\/categories?post=23775"},{"taxonomy":"post_tag","embeddable":true,"href":"https:\/\/www.tucomarca.com\/wordpress\/segunda\/wp-json\/wp\/v2\/tags?post=23775"}],"curies":[{"name":"wp","href":"https:\/\/api.w.org\/{rel}","templated":true}]}}