{"id":237853,"date":"2024-09-25T11:30:00","date_gmt":"2024-09-25T09:30:00","guid":{"rendered":"https:\/\/www.tucomarca.com\/wordpress\/segunda\/?p=237853"},"modified":"2024-09-25T18:08:50","modified_gmt":"2024-09-25T16:08:50","slug":"cheste-da-el-pistoletazo-de-salida-a-la-li-fiesta-de-la-vendimia-con-la-presentacion-de-la-reina-y-su-corte-de-honor","status":"publish","type":"post","link":"https:\/\/www.tucomarca.com\/wordpress\/segunda\/cheste-da-el-pistoletazo-de-salida-a-la-li-fiesta-de-la-vendimia-con-la-presentacion-de-la-reina-y-su-corte-de-honor\/","title":{"rendered":"Cheste da el pistoletazo de salida a la LI Fiesta de la Vendimia con la Presentaci\u00f3n de la Reina y su corte de honor"},"content":{"rendered":"\n<p>El pr\u00f3ximo s\u00e1bado, 28 de septiembre, a las 19,00 horas, el Teatro Liceo acoger\u00e1 la Presentaci\u00f3n de la Reina de la LI Vendimia, Paola de la Cruz Soriano, y su Corte de Honor, inaugur\u00e1ndose as\u00ed una nueva edici\u00f3n de la Fiesta de la Vendimia de Cheste.<\/p>\n\n\n\n<p>Un a\u00f1o m\u00e1s, desde la Concejal\u00eda de Fiestas se ha elaborado un completo programa festivo en el que no faltan los actos m\u00e1s tradicionales, repiten las actividades recientemente incorporadas y se estrenan algunas propuestas novedosas.<\/p>\n\n\n\n<p>El programa completo ya se puede consultar en las plataformas informativas del Ayuntamiento: la web www.cheste.es, las p\u00e1ginas de Facebook e Instagram municipales y la app Bandos.es.<\/p>\n\n\n\n<p><strong>Programa festivo<\/strong><\/p>\n\n\n\n<p>El primer fin de semana de octubre se abrir\u00e1 con una macrodiscom\u00f3vil, el s\u00e1bado 5, en la plaza II Rep\u00fablica, que contar\u00e1 con la participaci\u00f3n de DJ locales. El domingo por la ma\u00f1ana se celebrar\u00e1 el tradicional torneo de ajedrez de fiestas y, ya entrada la tarde, a las 18:00, la plaza Doctor Cajal ser\u00e1 el escenario de la III Dans\u00e0 en honor a la cosecha y al vino, a cargo del grupo de Danzas, en la que participar\u00e1n la Reina y su Corte de Honor y los vecinos y vecinas que se quieran sumar.<\/p>\n\n\n\n<p>En la programaci\u00f3n festiva de esta 51\u00aa edici\u00f3n se consolidan actividades de reciente incorporaci\u00f3n, como los Premios 9 de octubre, que celebrar\u00e1n su segunda edici\u00f3n con un nuevo acto de homenaje a personalidades y entidades locales; o los CrossVid Games, que tambi\u00e9n repiten en el calendario festivo, invitando de nuevo a las cuadrillas a participar en una competici\u00f3n l\u00fadica de CrossFit, el s\u00e1bado 19 de octubre, en la Plaza II Rep\u00fablica.<\/p>\n\n\n\n<p>Como novedad, el 12 de octubre se inaugurar\u00e1 la I edici\u00f3n del Quinto y Tapa de Cheste, que se celebrar\u00e1 tras el Pasacalle del Mant\u00f3n, en la Plaza Doctor Cajal, y que repetir\u00e1 al d\u00eda siguiente, de 12:00 a 14:00. Adem\u00e1s, el programa contempla una cata de vino, una ruta guiada por los lugares emblem\u00e1ticos de la poblaci\u00f3n y la presentaci\u00f3n del libro<em> Cr\u00f3nicas de Cheste<\/em>, de Miguel Vicente Cort\u00e9s Navarro.<\/p>\n\n\n\n<p>Un a\u00f1o m\u00e1s, no faltar\u00e1n los actos m\u00e1s tradicionales como la Pis\u00e0 de la uva, el domingo 13 de octubre, en horario de tarde en esta ocasi\u00f3n, a partir de las 17:00; el d\u00eda de San Lucas, el 18 de octubre; la fiesta de las Paellas, prevista para el s\u00e1bado 26, o el D\u00eda de la Flor, que cerrar\u00e1 el programa festivo, el 27 de octubre.<\/p>\n\n\n\n<p>Los actos taurinos se desarrollar\u00e1n entre el 23 y el 27 de octubre y contar\u00e1n con una <em>entr\u00e1<\/em> especial, programada para el viernes 25; adem\u00e1s de las <em>entr\u00e1s<\/em> t\u00edpicas, las tardes de vacas, toro en puntas y de vaquilla o el toro embolao. Tambi\u00e9n habr\u00e1 toro de cuerda el d\u00eda 26 de octubre, a las 8:00.<\/p>\n","protected":false},"excerpt":{"rendered":"<div class=\"mh-excerpt\">El pr\u00f3ximo s\u00e1bado, 28 de septiembre, a las 19,00 horas, el Teatro Liceo acoger\u00e1 la Presentaci\u00f3n de la Reina de la LI Vendimia, Paola de la Cruz Soriano, y su Corte de Honor, inaugur\u00e1ndose as\u00ed <a class=\"mh-excerpt-more\" href=\"https:\/\/www.tucomarca.com\/wordpress\/segunda\/cheste-da-el-pistoletazo-de-salida-a-la-li-fiesta-de-la-vendimia-con-la-presentacion-de-la-reina-y-su-corte-de-honor\/\" title=\"Cheste da el pistoletazo de salida a la LI Fiesta de la Vendimia con la Presentaci\u00f3n de la Reina y su corte de honor\">[+] <\/a><\/div>\n","protected":false},"author":13,"featured_media":237856,"comment_status":"open","ping_status":"open","sticky":false,"template":"","format":"standard","meta":{"footnotes":""},"categories":[4,17,8,10,7,3],"tags":[1366,339,5952,15855],"class_list":{"0":"post-237853","1":"post","2":"type-post","3":"status-publish","4":"format-standard","5":"has-post-thumbnail","7":"category-agenda","8":"category-cheste","9":"category-la-comarca","10":"category-la-hoya","11":"category-ocio-y-cultura","12":"category-seccion","13":"tag-agenda-2","14":"tag-cheste-2","15":"tag-la-hoya-de-bunol-chiva","16":"tag-ocio-y-cultura"},"_links":{"self":[{"href":"https:\/\/www.tucomarca.com\/wordpress\/segunda\/wp-json\/wp\/v2\/posts\/237853","targetHints":{"allow":["GET"]}}],"collection":[{"href":"https:\/\/www.tucomarca.com\/wordpress\/segunda\/wp-json\/wp\/v2\/posts"}],"about":[{"href":"https:\/\/www.tucomarca.com\/wordpress\/segunda\/wp-json\/wp\/v2\/types\/post"}],"author":[{"embeddable":true,"href":"https:\/\/www.tucomarca.com\/wordpress\/segunda\/wp-json\/wp\/v2\/users\/13"}],"replies":[{"embeddable":true,"href":"https:\/\/www.tucomarca.com\/wordpress\/segunda\/wp-json\/wp\/v2\/comments?post=237853"}],"version-history":[{"count":0,"href":"https:\/\/www.tucomarca.com\/wordpress\/segunda\/wp-json\/wp\/v2\/posts\/237853\/revisions"}],"wp:featuredmedia":[{"embeddable":true,"href":"https:\/\/www.tucomarca.com\/wordpress\/segunda\/wp-json\/wp\/v2\/media\/237856"}],"wp:attachment":[{"href":"https:\/\/www.tucomarca.com\/wordpress\/segunda\/wp-json\/wp\/v2\/media?parent=237853"}],"wp:term":[{"taxonomy":"category","embeddable":true,"href":"https:\/\/www.tucomarca.com\/wordpress\/segunda\/wp-json\/wp\/v2\/categories?post=237853"},{"taxonomy":"post_tag","embeddable":true,"href":"https:\/\/www.tucomarca.com\/wordpress\/segunda\/wp-json\/wp\/v2\/tags?post=237853"}],"curies":[{"name":"wp","href":"https:\/\/api.w.org\/{rel}","templated":true}]}}