{"id":23787,"date":"2014-02-28T22:10:31","date_gmt":"2014-02-28T19:10:31","guid":{"rendered":"http:\/\/www.tucomarca.com\/wordpress\/segunda\/?p=23787"},"modified":"2014-02-28T22:10:31","modified_gmt":"2014-02-28T19:10:31","slug":"maria-jose-catala-afirma-que-las-sociedades-musicales-estan-en-disposicion-de-aspirar-a-ser-patrimonio-de-la-humanidad%e2%80%9d","status":"publish","type":"post","link":"https:\/\/www.tucomarca.com\/wordpress\/segunda\/maria-jose-catala-afirma-que-las-sociedades-musicales-estan-en-disposicion-de-aspirar-a-ser-patrimonio-de-la-humanidad%e2%80%9d\/","title":{"rendered":"Mar\u00eda Jos\u00e9 Catal\u00e0 afirma que las sociedades musicales est\u00e1n en disposici\u00f3n de \u00abaspirar a ser Patrimonio de la Humanidad\u201d"},"content":{"rendered":"<p>La Acad\u00e8mia Valenciana de la Llengua (AVL) ha presentado  en el Sal\u00f3n Alfons el Magn\u00e0nim del Centro Cultural La Beneficencia, el Vocabulari de la m\u00fasica, obra en la que han colaborado la Federaci\u00f3n de Sociedades Musicales de la Comunidad Valenciana (FSMCV) y CulturArts. El acto cont\u00f3 con la presencia de Mar\u00eda Jos\u00e9 Catal\u00e0, consellera de Educaci\u00f3n, Cultura y Deporte, el vicepresidente de la Acad\u00e8mia Valenciana de la Llengua, Josep Palomero, y el presidente de la FSMCV, Josep Francesc Almer\u00eda.<\/p>\n<p>Catal\u00e0, afirm\u00f3 que las sociedades musicales \u201cpodr\u00edan aspirar a ser Patrimonio de la Humanidad\u201d por la importancia que la m\u00fasica popular y tradicional tiene para todos los valencianos y el \u201cbuen trabajo\u201d que hace la FSMCV. \u201cLa m\u00fasica representa una de las manifestaciones art\u00edsticas m\u00e1s importantes del pueblo valenciano, quiz\u00e1s la m\u00e1s identitaria\u201d, es \u201cun elemento vertebrador\u201d y \u201cmuy potente en nuestra tierra\u201d. La consellera asegur\u00f3 que este nuevo vocabulario permitir\u00e1 consolidar nuestra lengua en el \u00e1mbito musical y en el tejido social \u201ccomo un elemento de prestigio y dinamizaci\u00f3n cultural\u201d.<\/p>\n<p>El Vocabulario de la m\u00fasica, con m\u00e1s de 2.500 palabras, facilitar\u00e1 y acercar\u00e1 a la poblaci\u00f3n en general y, sobre todo, a los profesionales de la m\u00fasica en particular, la terminolog\u00eda valenciana propia de esta disciplina, subray\u00f3 Palomero. \u201cEl objetivo de la obra es dar una definici\u00f3n sencilla e inteligible para todos los p\u00fablicos. Este vocabulario es el resultado de a\u00f1os de trabajo de la instituci\u00f3n, trabajo que ahora sale a la luz con intensidad\u201d.<br \/>\nAlmer\u00eda, dijo que la lengua y la m\u00fasica no deber\u00edan ser \u201celementos de confrontaci\u00f3n\u201d y agradeci\u00f3 el esfuerzo y el trabajo de la AVL y de la Conselleria para hacer posible la edici\u00f3n del vocabulario, una obra que llegar\u00e1 a todas las sociedades musicales y escuelas de m\u00fasica repartidas por todo el territorio valenciano, una red muy consolidada y en continua actividad, que servir\u00e1 de plataforma para su difusi\u00f3n. Adem\u00e1s, record\u00f3 especialmente las aportaciones y la labor desempe\u00f1ada en esta obra por David Segu\u00ed, music\u00f3logo, compositor y ex gerente de la Federaci\u00f3n.<br \/>\nJuan Soto, diputado del PSPV en las Cortes Valencianas, manifest\u00f3 que \u201clas sociedades musicales deber\u00edan ser declaradas Bien de Inter\u00e9s Cultural (BIC), el m\u00e1ximo nivel de protecci\u00f3n,\u201d para poder afrontar e impulsar la \u201ccandidatura de Patrimonio Inmaterial de la Humanidad\u201d del colectivo con garant\u00edas.<\/p>\n<p>La presentaci\u00f3n del Vocabulario de la m\u00fasica tambi\u00e9n cont\u00f3 con la participaci\u00f3n del acad\u00e9mico Josep Llu\u00eds Dom\u00e9nech, presidente de la Comisi\u00f3n de Lenguajes Espec\u00edficos, que explic\u00f3 los criterios de uso y las aportaciones recibidas desde diferentes \u00e1mbitos, en particular desde la FSMCV. El vocabulario, adem\u00e1s, tiene dos ap\u00e9ndices finales en los cuales, partiendo del castellano o del ingl\u00e9s, se obtiene el t\u00e9rmino equivalente en valenciano.<br \/>\nEn la parte final del acto, la actriz Pilar Almer\u00eda pronunci\u00f3 una emotiva y conmovedora ponencia titulada \u00abEl valenci\u00e0 i la m\u00fasica\u00bb, y el grupo coral e instrumental de la Sociedad Musical La Primitiva de Rafelbunyol cerr\u00f3 la presentaci\u00f3n con un concierto dirigido por el maestro Sergi Cunyat.<\/p>\n<p>La FSMCV es una asociaci\u00f3n con 45 a\u00f1os de existencia que agrupa a 541 sociedades musicales y sus escuelas de m\u00fasica (el 50% de Espa\u00f1a) con 40.000 m\u00fasicos, tal y como record\u00f3 Catal\u00e0, 60.000 alumnos y m\u00e1s de 200.000 socios. Las sociedades musicales, presentes en el 90% de los municipios de Alicante, Castell\u00f3n y Valencia de m\u00e1s de 200 habitantes, conforman un proyecto social y educativo \u00fanico en el mundo y han sido declaradas Bien de Relevancia Local (BRL) por el Consell.<\/p>\n","protected":false},"excerpt":{"rendered":"<div class=\"mh-excerpt\">La Acad\u00e8mia Valenciana de la Llengua (AVL) ha presentado en el Sal\u00f3n Alfons el Magn\u00e0nim del Centro Cultural La Beneficencia, el Vocabulari de la m\u00fasica, obra en la que han colaborado la Federaci\u00f3n de Sociedades <a class=\"mh-excerpt-more\" href=\"https:\/\/www.tucomarca.com\/wordpress\/segunda\/maria-jose-catala-afirma-que-las-sociedades-musicales-estan-en-disposicion-de-aspirar-a-ser-patrimonio-de-la-humanidad%e2%80%9d\/\" title=\"Mar\u00eda Jos\u00e9 Catal\u00e0 afirma que las sociedades musicales est\u00e1n en disposici\u00f3n de \u00abaspirar a ser Patrimonio de la Humanidad\u201d\">[+] <\/a><\/div>\n","protected":false},"author":2,"featured_media":0,"comment_status":"open","ping_status":"open","sticky":false,"template":"","format":"standard","meta":{"footnotes":""},"categories":[66,8,72,10,3],"tags":[3509,3510,1219,3511,527],"class_list":{"0":"post-23787","1":"post","2":"type-post","3":"status-publish","4":"format-standard","6":"category-musica","7":"category-la-comarca","8":"category-sin-categorizar","9":"category-la-hoya","10":"category-seccion","11":"tag-almeria","12":"tag-bandas-de-musica","13":"tag-catala","14":"tag-patrimonio-de-la-humanidad","15":"tag-reconocimiento"},"_links":{"self":[{"href":"https:\/\/www.tucomarca.com\/wordpress\/segunda\/wp-json\/wp\/v2\/posts\/23787","targetHints":{"allow":["GET"]}}],"collection":[{"href":"https:\/\/www.tucomarca.com\/wordpress\/segunda\/wp-json\/wp\/v2\/posts"}],"about":[{"href":"https:\/\/www.tucomarca.com\/wordpress\/segunda\/wp-json\/wp\/v2\/types\/post"}],"author":[{"embeddable":true,"href":"https:\/\/www.tucomarca.com\/wordpress\/segunda\/wp-json\/wp\/v2\/users\/2"}],"replies":[{"embeddable":true,"href":"https:\/\/www.tucomarca.com\/wordpress\/segunda\/wp-json\/wp\/v2\/comments?post=23787"}],"version-history":[{"count":0,"href":"https:\/\/www.tucomarca.com\/wordpress\/segunda\/wp-json\/wp\/v2\/posts\/23787\/revisions"}],"wp:attachment":[{"href":"https:\/\/www.tucomarca.com\/wordpress\/segunda\/wp-json\/wp\/v2\/media?parent=23787"}],"wp:term":[{"taxonomy":"category","embeddable":true,"href":"https:\/\/www.tucomarca.com\/wordpress\/segunda\/wp-json\/wp\/v2\/categories?post=23787"},{"taxonomy":"post_tag","embeddable":true,"href":"https:\/\/www.tucomarca.com\/wordpress\/segunda\/wp-json\/wp\/v2\/tags?post=23787"}],"curies":[{"name":"wp","href":"https:\/\/api.w.org\/{rel}","templated":true}]}}