{"id":23790,"date":"2014-02-28T22:13:10","date_gmt":"2014-02-28T19:13:10","guid":{"rendered":"http:\/\/www.tucomarca.com\/wordpress\/segunda\/?p=23790"},"modified":"2014-02-28T22:13:10","modified_gmt":"2014-02-28T19:13:10","slug":"la-diputacion-finalizara-la-adecuacion-del-complejo-polideportivo-y-las-obras-de-la-piscina-cubierta-de-utiel","status":"publish","type":"post","link":"https:\/\/www.tucomarca.com\/wordpress\/segunda\/la-diputacion-finalizara-la-adecuacion-del-complejo-polideportivo-y-las-obras-de-la-piscina-cubierta-de-utiel\/","title":{"rendered":"La Diputaci\u00f3n finalizar\u00e1 la adecuaci\u00f3n del complejo polideportivo y las obras de la piscina cubierta de Utiel"},"content":{"rendered":"<figure id=\"attachment_23791\" aria-describedby=\"caption-attachment-23791\" style=\"width: 300px\" class=\"wp-caption alignleft\"><a href=\"https:\/\/www.tucomarca.com\/wordpress\/segunda\/wp-content\/uploads\/2014\/02\/Utiel.jpg\"><img loading=\"lazy\" decoding=\"async\" class=\"size-medium wp-image-23791\" title=\"Utiel\" src=\"https:\/\/www.tucomarca.com\/wordpress\/segunda\/wp-content\/uploads\/2014\/02\/Utiel-300x194.jpg\" alt=\"Rus y el alcalde de Utiel firman el convenio.\" width=\"300\" height=\"194\" srcset=\"https:\/\/www.tucomarca.com\/wordpress\/segunda\/wp-content\/uploads\/2014\/02\/Utiel-300x194.jpg 300w, https:\/\/www.tucomarca.com\/wordpress\/segunda\/wp-content\/uploads\/2014\/02\/Utiel-1024x665.jpg 1024w\" sizes=\"auto, (max-width: 300px) 100vw, 300px\" \/><\/a><figcaption id=\"caption-attachment-23791\" class=\"wp-caption-text\">Rus y el alcalde de Utiel firman el convenio.<\/figcaption><\/figure>\n<p>El presidente de la Diputaci\u00f3n de Valencia, Alfonso Rus, ha suscrito un acuerdo singular con el alcalde de Utiel, Jos\u00e9 Luis Ram\u00edrez, para la finalizaci\u00f3n de la adecuaci\u00f3n del complejo polideportivo municipal.<\/p>\n<p>Concretamente, \u201cconcluiremos el espacio deportivo y reforzaremos las instalaciones adem\u00e1s de acabar las obras de una piscina cubierta y poder ponerla en marcha, ya que faltaba esta ayuda para finalizar la actuaci\u00f3n\u201d, seg\u00fan apunta el alcalde.<\/p>\n<p>\u201cNuestra intenci\u00f3n es \u2013ha avanzado- que parte de las instalaciones est\u00e9n este verano en funcionamiento y que la piscina cubierta se pueda utilizar de cara a septiembre\u201d.<\/p>\n<p>Por otro lado, el alcalde ha destacado la importancia del papel de la Diputaci\u00f3n de Valencia y ha comentado que \u201cofrece una ayuda fundamental e imprescindible\u201d. Sin esta colaboraci\u00f3n que recibimos, adem\u00e1s de una forma continuada, ser\u00eda muy dif\u00edcil que en estos momentos, con la problem\u00e1tica presupuestaria que tenemos los municipios, pudi\u00e9ramos desarrollar estos proyectos y ofrecer estos servicios\u201d.<\/p>\n<p>&nbsp;<\/p>\n","protected":false},"excerpt":{"rendered":"<div class=\"mh-excerpt\">El presidente de la Diputaci\u00f3n de Valencia, Alfonso Rus, ha suscrito un acuerdo singular con el alcalde de Utiel, Jos\u00e9 Luis Ram\u00edrez, para la finalizaci\u00f3n de la adecuaci\u00f3n del complejo polideportivo municipal. Concretamente, \u201cconcluiremos el <a class=\"mh-excerpt-more\" href=\"https:\/\/www.tucomarca.com\/wordpress\/segunda\/la-diputacion-finalizara-la-adecuacion-del-complejo-polideportivo-y-las-obras-de-la-piscina-cubierta-de-utiel\/\" title=\"La Diputaci\u00f3n finalizar\u00e1 la adecuaci\u00f3n del complejo polideportivo y las obras de la piscina cubierta de Utiel\">[+] <\/a><\/div>\n","protected":false},"author":1,"featured_media":23791,"comment_status":"open","ping_status":"open","sticky":false,"template":"","format":"standard","meta":{"footnotes":""},"categories":[128,8,27,3,29],"tags":[],"class_list":{"0":"post-23790","1":"post","2":"type-post","3":"status-publish","4":"format-standard","5":"has-post-thumbnail","7":"category-infraestructuras","8":"category-la-comarca","9":"category-requena-utiel","10":"category-seccion","11":"category-utiel"},"_links":{"self":[{"href":"https:\/\/www.tucomarca.com\/wordpress\/segunda\/wp-json\/wp\/v2\/posts\/23790","targetHints":{"allow":["GET"]}}],"collection":[{"href":"https:\/\/www.tucomarca.com\/wordpress\/segunda\/wp-json\/wp\/v2\/posts"}],"about":[{"href":"https:\/\/www.tucomarca.com\/wordpress\/segunda\/wp-json\/wp\/v2\/types\/post"}],"author":[{"embeddable":true,"href":"https:\/\/www.tucomarca.com\/wordpress\/segunda\/wp-json\/wp\/v2\/users\/1"}],"replies":[{"embeddable":true,"href":"https:\/\/www.tucomarca.com\/wordpress\/segunda\/wp-json\/wp\/v2\/comments?post=23790"}],"version-history":[{"count":0,"href":"https:\/\/www.tucomarca.com\/wordpress\/segunda\/wp-json\/wp\/v2\/posts\/23790\/revisions"}],"wp:featuredmedia":[{"embeddable":true,"href":"https:\/\/www.tucomarca.com\/wordpress\/segunda\/wp-json\/wp\/v2\/media\/23791"}],"wp:attachment":[{"href":"https:\/\/www.tucomarca.com\/wordpress\/segunda\/wp-json\/wp\/v2\/media?parent=23790"}],"wp:term":[{"taxonomy":"category","embeddable":true,"href":"https:\/\/www.tucomarca.com\/wordpress\/segunda\/wp-json\/wp\/v2\/categories?post=23790"},{"taxonomy":"post_tag","embeddable":true,"href":"https:\/\/www.tucomarca.com\/wordpress\/segunda\/wp-json\/wp\/v2\/tags?post=23790"}],"curies":[{"name":"wp","href":"https:\/\/api.w.org\/{rel}","templated":true}]}}