{"id":238094,"date":"2024-09-27T09:45:00","date_gmt":"2024-09-27T07:45:00","guid":{"rendered":"https:\/\/www.tucomarca.com\/wordpress\/segunda\/?p=238094"},"modified":"2024-09-27T17:11:15","modified_gmt":"2024-09-27T15:11:15","slug":"el-prya-denuncia-falta-de-limpieza-en-san-antonio","status":"publish","type":"post","link":"https:\/\/www.tucomarca.com\/wordpress\/segunda\/el-prya-denuncia-falta-de-limpieza-en-san-antonio\/","title":{"rendered":"El PRyA denuncia \u00abfalta de limpieza\u00bb en San Antonio"},"content":{"rendered":"\n<p>\u201cDesde el Partido de Requena y Aldeas (PRyA) queremos denunciar que durante la mayor parte de esta semana, San Antonio no ha tenido limpieza viaria por culpa de la falta de previsi\u00f3n del Gobierno del PP de Roc\u00edo Cort\u00e9s\u201d, tal como han hecho constar desde la formaci\u00f3n.<\/p>\n\n\n\n<p>\u201cDesde principios de semana, el trabajador que estaba realizando las labores de limpieza en San Antonio ha sido trasladado a Requena a realizar otros trabajos, dejando sin limpieza a esta poblaci\u00f3n. Es publico el descontento de los vecinos de San Antonio por la insuficiente limpieza viaria que tiene est\u00e1 poblaci\u00f3n durante todo el a\u00f1o, ya que es la mayor de las 25 pedan\u00edas y necesita m\u00e1s medios para obtener la limpieza viaria deseada\u201d.<\/p>\n\n\n\n<p>\u201cPues bien, no solo no se atienden las reivindicaciones de los vecinos de aumento de limpieza, si no que se reduce por parte del gobierno del PP de Roc\u00edo Cort\u00e9s quitando el servicio durante toda la semana y todo ello sin dar ninguna explicaci\u00f3n a la alcaldesa ped\u00e1nea de San Antonio. En m\u00e1s de una ocasi\u00f3n propusimos desde el PRyA el aumento de limpieza en San Antonio al gobierno local, propuesta que nunca fue atendida\u00bb.<\/p>\n\n\n\n<p>Desde el PRyA exigen \u00abal Gobierno del PP de Roc\u00edo Cort\u00e9s que reponga de manera inmediata el servicio de limpieza viaria en San Antonio\u201d.<\/p>\n\n\n\n<figure class=\"wp-block-gallery has-nested-images columns-default is-cropped wp-block-gallery-1 is-layout-flex wp-block-gallery-is-layout-flex\">\n<figure class=\"wp-block-image size-large\"><img loading=\"lazy\" decoding=\"async\" width=\"768\" height=\"1024\" data-id=\"238116\" src=\"https:\/\/www.tucomarca.com\/wordpress\/segunda\/wp-content\/uploads\/2024\/09\/PRyASanAntonio2-768x1024.jpg\" alt=\"\" class=\"wp-image-238116\" srcset=\"https:\/\/www.tucomarca.com\/wordpress\/segunda\/wp-content\/uploads\/2024\/09\/PRyASanAntonio2-768x1024.jpg 768w, https:\/\/www.tucomarca.com\/wordpress\/segunda\/wp-content\/uploads\/2024\/09\/PRyASanAntonio2-225x300.jpg 225w, https:\/\/www.tucomarca.com\/wordpress\/segunda\/wp-content\/uploads\/2024\/09\/PRyASanAntonio2-1152x1536.jpg 1152w, https:\/\/www.tucomarca.com\/wordpress\/segunda\/wp-content\/uploads\/2024\/09\/PRyASanAntonio2.jpg 1536w\" sizes=\"auto, (max-width: 768px) 100vw, 768px\" \/><\/figure>\n\n\n\n<figure class=\"wp-block-image size-large\"><img loading=\"lazy\" decoding=\"async\" width=\"768\" height=\"1024\" data-id=\"238113\" src=\"https:\/\/www.tucomarca.com\/wordpress\/segunda\/wp-content\/uploads\/2024\/09\/PRyASanAntonio1-768x1024.jpg\" alt=\"\" class=\"wp-image-238113\" srcset=\"https:\/\/www.tucomarca.com\/wordpress\/segunda\/wp-content\/uploads\/2024\/09\/PRyASanAntonio1-768x1024.jpg 768w, https:\/\/www.tucomarca.com\/wordpress\/segunda\/wp-content\/uploads\/2024\/09\/PRyASanAntonio1-225x300.jpg 225w, https:\/\/www.tucomarca.com\/wordpress\/segunda\/wp-content\/uploads\/2024\/09\/PRyASanAntonio1-1152x1536.jpg 1152w, https:\/\/www.tucomarca.com\/wordpress\/segunda\/wp-content\/uploads\/2024\/09\/PRyASanAntonio1.jpg 1536w\" sizes=\"auto, (max-width: 768px) 100vw, 768px\" \/><\/figure>\n<\/figure>\n","protected":false},"excerpt":{"rendered":"<div class=\"mh-excerpt\">\u201cDesde el Partido de Requena y Aldeas (PRyA) queremos denunciar que durante la mayor parte de esta semana, San Antonio no ha tenido limpieza viaria por culpa de la falta de previsi\u00f3n del Gobierno del <a class=\"mh-excerpt-more\" href=\"https:\/\/www.tucomarca.com\/wordpress\/segunda\/el-prya-denuncia-falta-de-limpieza-en-san-antonio\/\" title=\"El PRyA denuncia \u00abfalta de limpieza\u00bb en San Antonio\">[+] <\/a><\/div>\n","protected":false},"author":12,"featured_media":238118,"comment_status":"open","ping_status":"open","sticky":false,"template":"","format":"gallery","meta":{"footnotes":""},"categories":[128,8,72,117,142,28,27,140,3],"tags":[7827,10388,10387,10417],"class_list":{"0":"post-238094","1":"post","2":"type-post","3":"status-publish","4":"format-gallery","5":"has-post-thumbnail","7":"category-infraestructuras","8":"category-la-comarca","9":"category-sin-categorizar","10":"category-medio-ambiente-la-comarca","11":"category-politica-la-comarca","12":"category-requena","13":"category-requena-utiel","14":"category-san-antonio","15":"category-seccion","16":"tag-prya","17":"tag-requena","18":"tag-requena-utiel","19":"tag-san-antonio","20":"post_format-post-format-gallery"},"_links":{"self":[{"href":"https:\/\/www.tucomarca.com\/wordpress\/segunda\/wp-json\/wp\/v2\/posts\/238094","targetHints":{"allow":["GET"]}}],"collection":[{"href":"https:\/\/www.tucomarca.com\/wordpress\/segunda\/wp-json\/wp\/v2\/posts"}],"about":[{"href":"https:\/\/www.tucomarca.com\/wordpress\/segunda\/wp-json\/wp\/v2\/types\/post"}],"author":[{"embeddable":true,"href":"https:\/\/www.tucomarca.com\/wordpress\/segunda\/wp-json\/wp\/v2\/users\/12"}],"replies":[{"embeddable":true,"href":"https:\/\/www.tucomarca.com\/wordpress\/segunda\/wp-json\/wp\/v2\/comments?post=238094"}],"version-history":[{"count":0,"href":"https:\/\/www.tucomarca.com\/wordpress\/segunda\/wp-json\/wp\/v2\/posts\/238094\/revisions"}],"wp:featuredmedia":[{"embeddable":true,"href":"https:\/\/www.tucomarca.com\/wordpress\/segunda\/wp-json\/wp\/v2\/media\/238118"}],"wp:attachment":[{"href":"https:\/\/www.tucomarca.com\/wordpress\/segunda\/wp-json\/wp\/v2\/media?parent=238094"}],"wp:term":[{"taxonomy":"category","embeddable":true,"href":"https:\/\/www.tucomarca.com\/wordpress\/segunda\/wp-json\/wp\/v2\/categories?post=238094"},{"taxonomy":"post_tag","embeddable":true,"href":"https:\/\/www.tucomarca.com\/wordpress\/segunda\/wp-json\/wp\/v2\/tags?post=238094"}],"curies":[{"name":"wp","href":"https:\/\/api.w.org\/{rel}","templated":true}]}}