{"id":238105,"date":"2024-09-27T12:00:00","date_gmt":"2024-09-27T10:00:00","guid":{"rendered":"https:\/\/www.tucomarca.com\/wordpress\/segunda\/?p=238105"},"modified":"2024-09-27T13:58:40","modified_gmt":"2024-09-27T11:58:40","slug":"la-diputacio-de-valencia-habilitara-una-via-peatonal-para-acceder-con-seguridad-a-la-ruta-de-los-puentes-colgantes-de-chulilla","status":"publish","type":"post","link":"https:\/\/www.tucomarca.com\/wordpress\/segunda\/la-diputacio-de-valencia-habilitara-una-via-peatonal-para-acceder-con-seguridad-a-la-ruta-de-los-puentes-colgantes-de-chulilla\/","title":{"rendered":"La Diputaci\u00f3 de Val\u00e8ncia habilitar\u00e1 una v\u00eda peatonal para acceder con seguridad a la Ruta de los puentes colgantes de Chulilla"},"content":{"rendered":"\n<h3 class=\"wp-block-heading\">La diputada de Carreteras y vicepresidenta segunda de la Diputaci\u00f3, Reme Mazzolari, visita junto al alcalde del municipio de la Serran\u00eda, Vicente Polo, las obras que estar\u00e1n finalizadas en las pr\u00f3ximas semanas.<\/h3>\n\n\n\n<h3 class=\"wp-block-heading\">Mazzolari acude tambi\u00e9n con el alcalde de Andilla, Federico Burgos, a las obras de asfaltado de la carretera CV-341, cuya segunda fase se acometer\u00e1 de manera inmediata tras finalizar la primera intervenci\u00f3n.<\/h3>\n\n\n<div class=\"wp-block-image\">\n<figure class=\"alignleft size-large is-resized\"><img loading=\"lazy\" decoding=\"async\" width=\"1024\" height=\"768\" src=\"https:\/\/www.tucomarca.com\/wordpress\/segunda\/wp-content\/uploads\/2024\/09\/Chulilla3-1024x768.jpg\" alt=\"\" class=\"wp-image-238109\" style=\"width:532px;height:auto\" srcset=\"https:\/\/www.tucomarca.com\/wordpress\/segunda\/wp-content\/uploads\/2024\/09\/Chulilla3-1024x768.jpg 1024w, https:\/\/www.tucomarca.com\/wordpress\/segunda\/wp-content\/uploads\/2024\/09\/Chulilla3-300x225.jpg 300w, https:\/\/www.tucomarca.com\/wordpress\/segunda\/wp-content\/uploads\/2024\/09\/Chulilla3-768x576.jpg 768w, https:\/\/www.tucomarca.com\/wordpress\/segunda\/wp-content\/uploads\/2024\/09\/Chulilla3-1536x1152.jpg 1536w, https:\/\/www.tucomarca.com\/wordpress\/segunda\/wp-content\/uploads\/2024\/09\/Chulilla3-2048x1536.jpg 2048w, https:\/\/www.tucomarca.com\/wordpress\/segunda\/wp-content\/uploads\/2024\/09\/Chulilla3-678x509.jpg 678w, https:\/\/www.tucomarca.com\/wordpress\/segunda\/wp-content\/uploads\/2024\/09\/Chulilla3-326x245.jpg 326w, https:\/\/www.tucomarca.com\/wordpress\/segunda\/wp-content\/uploads\/2024\/09\/Chulilla3-80x60.jpg 80w\" sizes=\"auto, (max-width: 1024px) 100vw, 1024px\" \/><\/figure>\n<\/div>\n\n\n<p>La diputada de Carreteras, Reme Mazzolari, se ha desplazado este viernes hasta la comarca de la Serran\u00eda para conocer de primera mano las diferentes actuaciones de la Diputaci\u00f3 de Val\u00e8ncia en materia de seguridad vial. La tambi\u00e9n vicepresidenta segunda de la instituci\u00f3n provincial, acompa\u00f1ada por el alcalde del municipio, Vicente Polo, y personal t\u00e9cnico del \u00e1rea de Carreteras de la Diputaci\u00f3n, ha visitado la actuaci\u00f3n que permitir\u00e1 acceder de manera segura mediante una v\u00eda peatonal al inicio de la popularmente conocida como \u2018Ruta de los puentes colgantes\u2019 en Chulilla.<\/p>\n\n\n\n<p>Concretamente, la actuaci\u00f3n se emplaza en la CV-394, desde su salida del municipio hasta el punto de inicio de la ruta por el norte, entre los puntos quilom\u00e9tricos 1+750 y 2+150. \u201cEsta intervenci\u00f3n -explica Reme Mazzolari- evitar\u00e1 el tr\u00e1nsito de peatones que hab\u00eda de manera habitual por el borde de la calzada de la CV-394, y que supon\u00eda un peligro tanto para los propios viandantes como para los veh\u00edculos que transitan la carretera\u201d.<\/p>\n\n\n\n<p>Mazzolari incide en \u201cel intenso tr\u00e1fico de personas que, especialmente los fines de semana, genera la ruta, que atrae a multitud de visitantes que, en muchos casos, estacionan sus veh\u00edculos en el casco urbano para acceder caminando al inicio senderista, invadiendo en muchas ocasiones la calzada. Por eso, era urgente dar soluci\u00f3n al problema que pod\u00eda generar una desgracia en cualquier momento\u201d.<\/p>\n\n\n\n<p>El itinerario peatonal que ya est\u00e1 en construcci\u00f3n tendr\u00e1 un ancho de 1,50 metros libres, uniendo la poblaci\u00f3n con el inicio de la propia ruta, por el margen derecho de la CV-394 mediante un trazado paralelo a la carretera. Asimismo, en los \u00faltimos 50 metros se est\u00e1 acondicionando una senda existente que se separa de la calzada entre unos 6-10 metros.<\/p>\n\n\n\n<p><strong>Visita a Andilla<\/strong><\/p>\n\n\n\n<p>La visita de Reme Mazzolari a la Serran\u00eda ha hecho tambi\u00e9n parada en Andilla, para visitar junto al alcalde, Federico Burgos, los trabajos de asfaltado en la CV-341 a cargo del \u00e1rea de Carreteras de la Diputaci\u00f3. La primera fase de esta intervenci\u00f3n, ya finalizada, ha consistido en el refuerzo del firme y la regularizaci\u00f3n de peraltes entre el kil\u00f3metro 12+000 y el 18+500 de la v\u00eda; adem\u00e1s de la mejora del trazado de tres curvas coincidentes con el paso de distintos barrancos.<\/p>\n\n\n\n<p>Las obras han incluido el repintado de las marcas viales, la renovaci\u00f3n de la se\u00f1alizaci\u00f3n vertical en las tres curvas objeto de la actuaci\u00f3n, y la ejecuci\u00f3n de cunetas de seguridad revestidas de hormig\u00f3n, adem\u00e1s de otras acciones para mejorar el drenaje.<\/p>\n\n\n\n<p>La actuaci\u00f3n se completar\u00e1 de manera inminente con nuevos trabajos, esta vez entre los puntos quilom\u00e9tricos 6+200 y 12+000 de la misma carretera CV-341, consistentes principalmente en la mejora y refuerzo del firme mediante la ejecuci\u00f3n de una nueva capa de rodadura, adem\u00e1s de la reparaci\u00f3n de zonas deterioradas.<\/p>\n","protected":false},"excerpt":{"rendered":"<div class=\"mh-excerpt\">La diputada de Carreteras y vicepresidenta segunda de la Diputaci\u00f3, Reme Mazzolari, visita junto al alcalde del municipio de la Serran\u00eda, Vicente Polo, las obras que estar\u00e1n finalizadas en las pr\u00f3ximas semanas. Mazzolari acude tambi\u00e9n <a class=\"mh-excerpt-more\" href=\"https:\/\/www.tucomarca.com\/wordpress\/segunda\/la-diputacio-de-valencia-habilitara-una-via-peatonal-para-acceder-con-seguridad-a-la-ruta-de-los-puentes-colgantes-de-chulilla\/\" title=\"La Diputaci\u00f3 de Val\u00e8ncia habilitar\u00e1 una v\u00eda peatonal para acceder con seguridad a la Ruta de los puentes colgantes de Chulilla\">[+] <\/a><\/div>\n","protected":false},"author":12,"featured_media":238106,"comment_status":"open","ping_status":"open","sticky":false,"template":"","format":"standard","meta":{"footnotes":""},"categories":[191,192,128,8,59,117,142,3,45],"tags":[10444,10445,10412,10400],"class_list":{"0":"post-238105","1":"post","2":"type-post","3":"status-publish","4":"format-standard","5":"has-post-thumbnail","7":"category-andilla","8":"category-chulilla","9":"category-infraestructuras","10":"category-la-comarca","11":"category-los-serranos","12":"category-medio-ambiente-la-comarca","13":"category-politica-la-comarca","14":"category-seccion","15":"category-ventana","16":"tag-andilla","17":"tag-chulilla","18":"tag-infraestructuras","19":"tag-los-serranos"},"_links":{"self":[{"href":"https:\/\/www.tucomarca.com\/wordpress\/segunda\/wp-json\/wp\/v2\/posts\/238105","targetHints":{"allow":["GET"]}}],"collection":[{"href":"https:\/\/www.tucomarca.com\/wordpress\/segunda\/wp-json\/wp\/v2\/posts"}],"about":[{"href":"https:\/\/www.tucomarca.com\/wordpress\/segunda\/wp-json\/wp\/v2\/types\/post"}],"author":[{"embeddable":true,"href":"https:\/\/www.tucomarca.com\/wordpress\/segunda\/wp-json\/wp\/v2\/users\/12"}],"replies":[{"embeddable":true,"href":"https:\/\/www.tucomarca.com\/wordpress\/segunda\/wp-json\/wp\/v2\/comments?post=238105"}],"version-history":[{"count":0,"href":"https:\/\/www.tucomarca.com\/wordpress\/segunda\/wp-json\/wp\/v2\/posts\/238105\/revisions"}],"wp:featuredmedia":[{"embeddable":true,"href":"https:\/\/www.tucomarca.com\/wordpress\/segunda\/wp-json\/wp\/v2\/media\/238106"}],"wp:attachment":[{"href":"https:\/\/www.tucomarca.com\/wordpress\/segunda\/wp-json\/wp\/v2\/media?parent=238105"}],"wp:term":[{"taxonomy":"category","embeddable":true,"href":"https:\/\/www.tucomarca.com\/wordpress\/segunda\/wp-json\/wp\/v2\/categories?post=238105"},{"taxonomy":"post_tag","embeddable":true,"href":"https:\/\/www.tucomarca.com\/wordpress\/segunda\/wp-json\/wp\/v2\/tags?post=238105"}],"curies":[{"name":"wp","href":"https:\/\/api.w.org\/{rel}","templated":true}]}}