{"id":238190,"date":"2024-09-27T11:25:00","date_gmt":"2024-09-27T09:25:00","guid":{"rendered":"https:\/\/www.tucomarca.com\/wordpress\/segunda\/?p=238190"},"modified":"2024-09-27T18:03:38","modified_gmt":"2024-09-27T16:03:38","slug":"video-benaguasil-disfruta-de-su-xvii-pujada-a-la-montieleta-puntuable-para-el-circuit-de-diputacio","status":"publish","type":"post","link":"https:\/\/www.tucomarca.com\/wordpress\/segunda\/video-benaguasil-disfruta-de-su-xvii-pujada-a-la-montieleta-puntuable-para-el-circuit-de-diputacio\/","title":{"rendered":"V\u00eddeo: Benaguasil disfruta de su XVII pujada a la Montieleta, puntuable para el Circuit de Diputaci\u00f3"},"content":{"rendered":"\n<figure class=\"wp-block-embed is-type-video is-provider-youtube wp-block-embed-youtube wp-embed-aspect-16-9 wp-has-aspect-ratio\"><div class=\"wp-block-embed__wrapper\">\n<iframe loading=\"lazy\" title=\"V\u00eddeo: Benaguasil disfruta de su XVII pujada a la Montieleta, puntuable para el Circuit de Diputaci\u00f3\" width=\"500\" height=\"281\" src=\"https:\/\/www.youtube.com\/embed\/gJ1lpR8GWJ8?feature=oembed\" frameborder=\"0\" allow=\"accelerometer; autoplay; clipboard-write; encrypted-media; gyroscope; picture-in-picture; web-share\" referrerpolicy=\"strict-origin-when-cross-origin\" allowfullscreen><\/iframe>\n<\/div><\/figure>\n\n\n\n<p>La poblaci\u00f3n de Benaguasil ha disfrutado este pasado s\u00e1bado de la XVII edici\u00f3n de la Pujada a la Montieleta en la que participaron 426 corredores hasta el Santuario de Montiel y meta en la Avenida.<\/p>\n\n\n\n<p>El ganador de la prueba fue Abdelmajid Elhissouf, con un tiempo de 00:32:01, mientras que en la categor\u00eda femenina fue Laura Domene Garc\u00eda quien se alcanz\u00f3 con la primera posici\u00f3n con un tiempo de 00:37:36, logrando ambos corredores batir el r\u00e9cord de la prueba.<\/p>\n\n\n\n<p>Respecto a los corredores locales, Javi Dom\u00ednguez que marc\u00f3 un tiempo de 00:36:38 y Cristina Villarroya (00:51:31) fueron los primeros en cruzar la meta.<\/p>\n","protected":false},"excerpt":{"rendered":"<div class=\"mh-excerpt\">La poblaci\u00f3n de Benaguasil ha disfrutado este pasado s\u00e1bado de la XVII edici\u00f3n de la Pujada a la Montieleta en la que participaron 426 corredores hasta el Santuario de Montiel y meta en la Avenida. <a class=\"mh-excerpt-more\" href=\"https:\/\/www.tucomarca.com\/wordpress\/segunda\/video-benaguasil-disfruta-de-su-xvii-pujada-a-la-montieleta-puntuable-para-el-circuit-de-diputacio\/\" title=\"V\u00eddeo: Benaguasil disfruta de su XVII pujada a la Montieleta, puntuable para el Circuit de Diputaci\u00f3\">[+] <\/a><\/div>\n","protected":false},"author":1,"featured_media":238192,"comment_status":"open","ping_status":"open","sticky":false,"template":"","format":"video","meta":{"footnotes":""},"categories":[98,172,46,6,8,72,3,45,26],"tags":[299,10429,10395,10379,3677],"class_list":{"0":"post-238190","1":"post","2":"type-post","3":"status-publish","4":"format-video","5":"has-post-thumbnail","7":"category-atletismo","8":"category-benaguasil","9":"category-camp-de-turia","10":"category-deportes","11":"category-la-comarca","12":"category-sin-categorizar","13":"category-seccion","14":"category-ventana","15":"category-video","16":"tag-atletismo-2","17":"tag-benaguasil","18":"tag-camp-de-turia","19":"tag-deportes","20":"tag-diputacio-de-valencia","21":"post_format-post-format-video"},"_links":{"self":[{"href":"https:\/\/www.tucomarca.com\/wordpress\/segunda\/wp-json\/wp\/v2\/posts\/238190","targetHints":{"allow":["GET"]}}],"collection":[{"href":"https:\/\/www.tucomarca.com\/wordpress\/segunda\/wp-json\/wp\/v2\/posts"}],"about":[{"href":"https:\/\/www.tucomarca.com\/wordpress\/segunda\/wp-json\/wp\/v2\/types\/post"}],"author":[{"embeddable":true,"href":"https:\/\/www.tucomarca.com\/wordpress\/segunda\/wp-json\/wp\/v2\/users\/1"}],"replies":[{"embeddable":true,"href":"https:\/\/www.tucomarca.com\/wordpress\/segunda\/wp-json\/wp\/v2\/comments?post=238190"}],"version-history":[{"count":0,"href":"https:\/\/www.tucomarca.com\/wordpress\/segunda\/wp-json\/wp\/v2\/posts\/238190\/revisions"}],"wp:featuredmedia":[{"embeddable":true,"href":"https:\/\/www.tucomarca.com\/wordpress\/segunda\/wp-json\/wp\/v2\/media\/238192"}],"wp:attachment":[{"href":"https:\/\/www.tucomarca.com\/wordpress\/segunda\/wp-json\/wp\/v2\/media?parent=238190"}],"wp:term":[{"taxonomy":"category","embeddable":true,"href":"https:\/\/www.tucomarca.com\/wordpress\/segunda\/wp-json\/wp\/v2\/categories?post=238190"},{"taxonomy":"post_tag","embeddable":true,"href":"https:\/\/www.tucomarca.com\/wordpress\/segunda\/wp-json\/wp\/v2\/tags?post=238190"}],"curies":[{"name":"wp","href":"https:\/\/api.w.org\/{rel}","templated":true}]}}