{"id":238250,"date":"2024-09-30T10:00:00","date_gmt":"2024-09-30T08:00:00","guid":{"rendered":"https:\/\/www.tucomarca.com\/wordpress\/segunda\/?p=238250"},"modified":"2024-09-30T14:43:25","modified_gmt":"2024-09-30T12:43:25","slug":"la-plataforma-ciudadana-por-la-defensa-del-sector-primario-de-utiel-requena-realizara-gestiones-para-que-se-haga-un-estudio-de-costes-de-produccion-en-uvas-de-vinificacion","status":"publish","type":"post","link":"https:\/\/www.tucomarca.com\/wordpress\/segunda\/la-plataforma-ciudadana-por-la-defensa-del-sector-primario-de-utiel-requena-realizara-gestiones-para-que-se-haga-un-estudio-de-costes-de-produccion-en-uvas-de-vinificacion\/","title":{"rendered":"La Plataforma Ciudadana por la Defensa del Sector Primario de Utiel-Requena realizar\u00e1 gestiones para que se haga un estudio de costes de producci\u00f3n en uvas de vinificaci\u00f3n\u00a0"},"content":{"rendered":"\n<p>La Plataforma Ciudadana por la Defensa del Sector Primario en la Comarca Utiel Requena, ha informado de que, a efectos de exigir el cumplimiento del art\u00edculo de la Ley\u00a0 de medidas para mejorar el funcionamiento de la cadena alimentaria, \u201cse proceder\u00e1 a realizar las gestiones pertinentes orientadas a obtener el estudio y reconocimiento oficial de los costes de producci\u00f3n de uva de vinificaci\u00f3n en la comarca Utiel Requena\u201d. <\/p>\n\n\n\n<p>Esta actuaci\u00f3n permitir\u00e1 \u201cque los precios establecidos en los contratos de compra venta de uva de vinificaci\u00f3n sean superiores al total de los costes asumidos por el productor y nunca por debajo de los mismos, garantizando con esta medida, el sostenimiento del sector productivo vitivin\u00edcola en la comarca\u201d explican desde la asociaci\u00f3n. Informa, <strong>Luis Ib\u00e1\u00f1ez<\/strong>.<\/p>\n","protected":false},"excerpt":{"rendered":"<div class=\"mh-excerpt\">La Plataforma Ciudadana por la Defensa del Sector Primario en la Comarca Utiel Requena, ha informado de que, a efectos de exigir el cumplimiento del art\u00edculo de la Ley\u00a0 de medidas para mejorar el funcionamiento <a class=\"mh-excerpt-more\" href=\"https:\/\/www.tucomarca.com\/wordpress\/segunda\/la-plataforma-ciudadana-por-la-defensa-del-sector-primario-de-utiel-requena-realizara-gestiones-para-que-se-haga-un-estudio-de-costes-de-produccion-en-uvas-de-vinificacion\/\" title=\"La Plataforma Ciudadana por la Defensa del Sector Primario de Utiel-Requena realizar\u00e1 gestiones para que se haga un estudio de costes de producci\u00f3n en uvas de vinificaci\u00f3n\u00a0\">[+] <\/a><\/div>\n","protected":false},"author":13,"featured_media":238251,"comment_status":"open","ping_status":"open","sticky":false,"template":"","format":"standard","meta":{"footnotes":""},"categories":[169,113,128,8,7,142,27,3],"tags":[85,10387,1797],"class_list":{"0":"post-238250","1":"post","2":"type-post","3":"status-publish","4":"format-standard","5":"has-post-thumbnail","7":"category-agricultura-la-comarca","8":"category-vinos","9":"category-infraestructuras","10":"category-la-comarca","11":"category-ocio-y-cultura","12":"category-politica-la-comarca","13":"category-requena-utiel","14":"category-seccion","15":"tag-agricultura","16":"tag-requena-utiel","17":"tag-viticultura"},"_links":{"self":[{"href":"https:\/\/www.tucomarca.com\/wordpress\/segunda\/wp-json\/wp\/v2\/posts\/238250","targetHints":{"allow":["GET"]}}],"collection":[{"href":"https:\/\/www.tucomarca.com\/wordpress\/segunda\/wp-json\/wp\/v2\/posts"}],"about":[{"href":"https:\/\/www.tucomarca.com\/wordpress\/segunda\/wp-json\/wp\/v2\/types\/post"}],"author":[{"embeddable":true,"href":"https:\/\/www.tucomarca.com\/wordpress\/segunda\/wp-json\/wp\/v2\/users\/13"}],"replies":[{"embeddable":true,"href":"https:\/\/www.tucomarca.com\/wordpress\/segunda\/wp-json\/wp\/v2\/comments?post=238250"}],"version-history":[{"count":0,"href":"https:\/\/www.tucomarca.com\/wordpress\/segunda\/wp-json\/wp\/v2\/posts\/238250\/revisions"}],"wp:featuredmedia":[{"embeddable":true,"href":"https:\/\/www.tucomarca.com\/wordpress\/segunda\/wp-json\/wp\/v2\/media\/238251"}],"wp:attachment":[{"href":"https:\/\/www.tucomarca.com\/wordpress\/segunda\/wp-json\/wp\/v2\/media?parent=238250"}],"wp:term":[{"taxonomy":"category","embeddable":true,"href":"https:\/\/www.tucomarca.com\/wordpress\/segunda\/wp-json\/wp\/v2\/categories?post=238250"},{"taxonomy":"post_tag","embeddable":true,"href":"https:\/\/www.tucomarca.com\/wordpress\/segunda\/wp-json\/wp\/v2\/tags?post=238250"}],"curies":[{"name":"wp","href":"https:\/\/api.w.org\/{rel}","templated":true}]}}