{"id":238283,"date":"2024-09-30T12:00:00","date_gmt":"2024-09-30T10:00:00","guid":{"rendered":"https:\/\/www.tucomarca.com\/wordpress\/segunda\/?p=238283"},"modified":"2024-09-30T14:32:11","modified_gmt":"2024-09-30T12:32:11","slug":"el-colectivo-fallero-de-benaguasil-se-reune-para-celebrar-el-mig-any-faller","status":"publish","type":"post","link":"https:\/\/www.tucomarca.com\/wordpress\/segunda\/el-colectivo-fallero-de-benaguasil-se-reune-para-celebrar-el-mig-any-faller\/","title":{"rendered":"El colectivo fallero de Benaguasil se re\u00fane para celebrar el \u201cMig Any Faller\u201d"},"content":{"rendered":"\n<h3 class=\"wp-block-heading\"><strong>La jornada, organizada por la JLF con la colaboraci\u00f3n del Ayuntamiento, estuvo repleta de actividades para todos los p\u00fablicos.<\/strong><\/h3>\n\n\n\n<p>Alrededor de 1.000 falleros se dieron cita ayer en la avenida de Montiel para celebrar el \u201cMig Any Faller\u201d, un evento que marca el ecuador del camino hacia las Fallas 2025.&nbsp;<\/p>\n\n\n\n<p>La jornada arranc\u00f3 con hinchables y animaci\u00f3n infantil para los m\u00e1s peque\u00f1os. Ello dio paso a una globot\u00e0 y al concurso de paellas, las cuales fueron degustadas por un jurado espec\u00edfico, recayendo el premio a la mejor paella a le\u00f1a en la falla Topairet, mientras que el premio a la mejor paella a gas fue para la comisi\u00f3n Monte Montiel.<\/p>\n\n\n\n<p>Tras la multitudinaria comida las m\u00e1ximas representantes del mundo fallero de Benaguasil, junto a sus respectivas cortes de honor, realizaron playbacks.<\/p>\n\n\n\n<p>El evento finaliz\u00f3 con un animado tardeo para todos los asistentes.<\/p>\n\n\n\n<p>La concejal del \u00e1rea, Ana Aleixandre y el alcalde, Ximo Segarra, acompa\u00f1aron al colectivo fallero en esta jornada de convivencia y uni\u00f3n entre las 10 comisiones que se ha consolidado como un referente en el calendario fallero.<\/p>\n\n\n\n<figure class=\"wp-block-gallery has-nested-images columns-2 is-cropped wp-block-gallery-1 is-layout-flex wp-block-gallery-is-layout-flex\">\n<figure class=\"wp-block-image size-large\"><img loading=\"lazy\" decoding=\"async\" width=\"768\" height=\"1024\" data-id=\"238290\" src=\"https:\/\/www.tucomarca.com\/wordpress\/segunda\/wp-content\/uploads\/2024\/09\/el-alcalde-y-concejala-con-falleros-768x1024.jpg\" alt=\"\" class=\"wp-image-238290\" srcset=\"https:\/\/www.tucomarca.com\/wordpress\/segunda\/wp-content\/uploads\/2024\/09\/el-alcalde-y-concejala-con-falleros-768x1024.jpg 768w, https:\/\/www.tucomarca.com\/wordpress\/segunda\/wp-content\/uploads\/2024\/09\/el-alcalde-y-concejala-con-falleros-225x300.jpg 225w, https:\/\/www.tucomarca.com\/wordpress\/segunda\/wp-content\/uploads\/2024\/09\/el-alcalde-y-concejala-con-falleros-1152x1536.jpg 1152w, https:\/\/www.tucomarca.com\/wordpress\/segunda\/wp-content\/uploads\/2024\/09\/el-alcalde-y-concejala-con-falleros-1536x2048.jpg 1536w, https:\/\/www.tucomarca.com\/wordpress\/segunda\/wp-content\/uploads\/2024\/09\/el-alcalde-y-concejala-con-falleros-scaled.jpg 1920w\" sizes=\"auto, (max-width: 768px) 100vw, 768px\" \/><\/figure>\n\n\n\n<figure class=\"wp-block-image size-large\"><img loading=\"lazy\" decoding=\"async\" width=\"768\" height=\"1024\" data-id=\"238288\" src=\"https:\/\/www.tucomarca.com\/wordpress\/segunda\/wp-content\/uploads\/2024\/09\/falleros-paellas-768x1024.jpg\" alt=\"\" class=\"wp-image-238288\" srcset=\"https:\/\/www.tucomarca.com\/wordpress\/segunda\/wp-content\/uploads\/2024\/09\/falleros-paellas-768x1024.jpg 768w, https:\/\/www.tucomarca.com\/wordpress\/segunda\/wp-content\/uploads\/2024\/09\/falleros-paellas-225x300.jpg 225w, https:\/\/www.tucomarca.com\/wordpress\/segunda\/wp-content\/uploads\/2024\/09\/falleros-paellas-1152x1536.jpg 1152w, https:\/\/www.tucomarca.com\/wordpress\/segunda\/wp-content\/uploads\/2024\/09\/falleros-paellas.jpg 1200w\" sizes=\"auto, (max-width: 768px) 100vw, 768px\" \/><\/figure>\n\n\n\n<figure class=\"wp-block-image size-large\"><img loading=\"lazy\" decoding=\"async\" width=\"1024\" height=\"461\" data-id=\"238286\" src=\"https:\/\/www.tucomarca.com\/wordpress\/segunda\/wp-content\/uploads\/2024\/09\/hinchables-1024x461.jpg\" alt=\"\" class=\"wp-image-238286\" srcset=\"https:\/\/www.tucomarca.com\/wordpress\/segunda\/wp-content\/uploads\/2024\/09\/hinchables-1024x461.jpg 1024w, https:\/\/www.tucomarca.com\/wordpress\/segunda\/wp-content\/uploads\/2024\/09\/hinchables-300x135.jpg 300w, https:\/\/www.tucomarca.com\/wordpress\/segunda\/wp-content\/uploads\/2024\/09\/hinchables-768x346.jpg 768w, https:\/\/www.tucomarca.com\/wordpress\/segunda\/wp-content\/uploads\/2024\/09\/hinchables-1536x691.jpg 1536w, https:\/\/www.tucomarca.com\/wordpress\/segunda\/wp-content\/uploads\/2024\/09\/hinchables.jpg 1600w\" sizes=\"auto, (max-width: 1024px) 100vw, 1024px\" \/><\/figure>\n<\/figure>\n","protected":false},"excerpt":{"rendered":"<div class=\"mh-excerpt\">La jornada, organizada por la JLF con la colaboraci\u00f3n del Ayuntamiento, estuvo repleta de actividades para todos los p\u00fablicos. Alrededor de 1.000 falleros se dieron cita ayer en la avenida de Montiel para celebrar el <a class=\"mh-excerpt-more\" href=\"https:\/\/www.tucomarca.com\/wordpress\/segunda\/el-colectivo-fallero-de-benaguasil-se-reune-para-celebrar-el-mig-any-faller\/\" title=\"El colectivo fallero de Benaguasil se re\u00fane para celebrar el \u201cMig Any Faller\u201d\">[+] <\/a><\/div>\n","protected":false},"author":13,"featured_media":238284,"comment_status":"open","ping_status":"open","sticky":false,"template":"","format":"gallery","meta":{"footnotes":""},"categories":[172,46,8,5,7,383,3],"tags":[10429,10395,15855],"class_list":{"0":"post-238283","1":"post","2":"type-post","3":"status-publish","4":"format-gallery","5":"has-post-thumbnail","7":"category-benaguasil","8":"category-camp-de-turia","9":"category-la-comarca","10":"category-la-semana-en-imagenes","11":"category-ocio-y-cultura","12":"category-pueblos-en-fiestas","13":"category-seccion","14":"tag-benaguasil","15":"tag-camp-de-turia","16":"tag-ocio-y-cultura","17":"post_format-post-format-gallery"},"_links":{"self":[{"href":"https:\/\/www.tucomarca.com\/wordpress\/segunda\/wp-json\/wp\/v2\/posts\/238283","targetHints":{"allow":["GET"]}}],"collection":[{"href":"https:\/\/www.tucomarca.com\/wordpress\/segunda\/wp-json\/wp\/v2\/posts"}],"about":[{"href":"https:\/\/www.tucomarca.com\/wordpress\/segunda\/wp-json\/wp\/v2\/types\/post"}],"author":[{"embeddable":true,"href":"https:\/\/www.tucomarca.com\/wordpress\/segunda\/wp-json\/wp\/v2\/users\/13"}],"replies":[{"embeddable":true,"href":"https:\/\/www.tucomarca.com\/wordpress\/segunda\/wp-json\/wp\/v2\/comments?post=238283"}],"version-history":[{"count":0,"href":"https:\/\/www.tucomarca.com\/wordpress\/segunda\/wp-json\/wp\/v2\/posts\/238283\/revisions"}],"wp:featuredmedia":[{"embeddable":true,"href":"https:\/\/www.tucomarca.com\/wordpress\/segunda\/wp-json\/wp\/v2\/media\/238284"}],"wp:attachment":[{"href":"https:\/\/www.tucomarca.com\/wordpress\/segunda\/wp-json\/wp\/v2\/media?parent=238283"}],"wp:term":[{"taxonomy":"category","embeddable":true,"href":"https:\/\/www.tucomarca.com\/wordpress\/segunda\/wp-json\/wp\/v2\/categories?post=238283"},{"taxonomy":"post_tag","embeddable":true,"href":"https:\/\/www.tucomarca.com\/wordpress\/segunda\/wp-json\/wp\/v2\/tags?post=238283"}],"curies":[{"name":"wp","href":"https:\/\/api.w.org\/{rel}","templated":true}]}}