{"id":238589,"date":"2024-10-01T08:45:00","date_gmt":"2024-10-01T06:45:00","guid":{"rendered":"https:\/\/www.tucomarca.com\/wordpress\/segunda\/?p=238589"},"modified":"2024-10-01T21:19:27","modified_gmt":"2024-10-01T19:19:27","slug":"el-institut-valencia-de-cultura-celebra-el-dia-del-cant-destil-en-la-ciudad-de-valencia","status":"publish","type":"post","link":"https:\/\/www.tucomarca.com\/wordpress\/segunda\/el-institut-valencia-de-cultura-celebra-el-dia-del-cant-destil-en-la-ciudad-de-valencia\/","title":{"rendered":"El Institut Valenci\u00e0 de Cultura celebra el Dia del Cant d\u2019Estil en la ciudad de Val\u00e8ncia"},"content":{"rendered":"\n<h3 class=\"wp-block-heading\">El domingo 6 de octubre tendr\u00e1 lugar esta tradicional celebraci\u00f3n con una actuaci\u00f3n itinerante desde el edificio Rialto de Val\u00e8ncia.<\/h3>\n\n\n\n<h3 class=\"wp-block-heading\">La celebraci\u00f3n concluir\u00e1 con una actuaci\u00f3n en el Centre del Carme Cultura Contempor\u00e0nia, con entrada libre.<\/h3>\n\n\n<div class=\"wp-block-image\">\n<figure class=\"alignleft size-large is-resized\"><img loading=\"lazy\" decoding=\"async\" width=\"724\" height=\"1024\" src=\"https:\/\/www.tucomarca.com\/wordpress\/segunda\/wp-content\/uploads\/2024\/10\/IVCCantEstil24-724x1024.jpg\" alt=\"\" class=\"wp-image-238614\" style=\"width:413px;height:auto\" srcset=\"https:\/\/www.tucomarca.com\/wordpress\/segunda\/wp-content\/uploads\/2024\/10\/IVCCantEstil24-724x1024.jpg 724w, https:\/\/www.tucomarca.com\/wordpress\/segunda\/wp-content\/uploads\/2024\/10\/IVCCantEstil24-212x300.jpg 212w, https:\/\/www.tucomarca.com\/wordpress\/segunda\/wp-content\/uploads\/2024\/10\/IVCCantEstil24-768x1086.jpg 768w, https:\/\/www.tucomarca.com\/wordpress\/segunda\/wp-content\/uploads\/2024\/10\/IVCCantEstil24-1086x1536.jpg 1086w, https:\/\/www.tucomarca.com\/wordpress\/segunda\/wp-content\/uploads\/2024\/10\/IVCCantEstil24-1448x2048.jpg 1448w, https:\/\/www.tucomarca.com\/wordpress\/segunda\/wp-content\/uploads\/2024\/10\/IVCCantEstil24.jpg 1754w\" sizes=\"auto, (max-width: 724px) 100vw, 724px\" \/><\/figure>\n<\/div>\n\n\n<p>El Institut Valenci\u00e0 de Cultura celebra el pr\u00f3ximo domingo 6 de octubre el Dia del Cant Valenci\u00e0 d\u2019Estil, una festividad que lleva celebr\u00e1ndose desde 1998 en la ciudad de Val\u00e8ncia y que re\u00fane a algunos de los m\u00e1ximos exponentes de este g\u00e9nero musical popular.&nbsp;<br>Las actividades comenzar\u00e1n con una actuaci\u00f3n itinerante en el edificio Rialto de Val\u00e8ncia a las 16.00 horas, para concluir con una actuaci\u00f3n a las 19.00 horas en el escenario del claustro g\u00f3tico del Centre del Carme Cultura Contempor\u00e0nia, con entrada libre.&nbsp;<br>En la jornada, un grupo de cantadoras y cantadores mostrar\u00e1n todas las variantes del cant d\u2019estil y las &#8216;albaes&#8217; de L&#8217;Horta, que siempre han estado presentes en la vida cotidiana, tanto en momentos especiales y de celebraci\u00f3n como en actividades habituales como el trabajo, y son manifestaciones de la m\u00fasica tradicional valenciana que se ponen en valor mediante estas actividades.<br>Los cantos contar\u00e1n con las voces de Mar\u00eda Jos\u00e9 Ruiz, \u2018Maris\u00e9 de Montolivet\u2019; Teresa Segarra, \u2018Teresa de Paterna\u2019; Mari Carmen Villar, \u2018Carme de Benicalap\u2019; Isabel Garc\u00eda, \u2018Isabel de Quart\u2019; Joan Civera, \u2018Joan de la Malva-rosa\u2019; Jacint Hern\u00e1ndez, \u2018Jacint d\u2019Alc\u00e0sser\u2019; Christian Penalba, de l\u2019Alc\u00fadia; y Ra\u00fal Luis, \u2018Ra\u00fcl del Puig\u2019.<br>Asimismo, como versadores, estar\u00e1n Salvador L\u00f3pez, \u2018Boro de Paterna\u2019, y Fernando Ferrer, \u2018\u2019El Rallat de Pu\u00e7ol\u2019.<br>Como acompa\u00f1amiento instrumental actuar\u00e1n los m\u00fasicos de viento V\u00edctor G\u00e1mez, tromb\u00f3n; Enrique Dom\u00e9nech, clarinete y Carlos S\u00e1nchez, trompeta. Tambi\u00e9n se contar\u00e1 con la cuerda pulsada de Pep Juste, guitarr\u00f3n; y las guitarras de Juli\u00e1n Romero y Juanjo Andrada.<br>La Colla de Dol\u00e7aines i Tabals &#8216;Mal Passet&#8217; de Cocentaina ser\u00e1n los encargados de acompa\u00f1ar la actuaci\u00f3n. La coordinaci\u00f3n y documentaci\u00f3n de las jornadas ha ido un a\u00f1o m\u00e1s a cargo de Jordi Reig.<\/p>\n\n\n\n<p><strong>Cant d\u2019estil<\/strong><\/p>\n\n\n\n<p>La funcionalidad primitiva y original, tanto de las canciones de estilo como de las &#8216;albaes&#8217;, era la de ser utilizadas en las rondas, aquellos paseos informales por las calles en que la m\u00fasica y el canto daban sustancia a sentimientos aduladores, amorosos y galantes (a veces tambi\u00e9n groseros) dirigidos a novias, fiesteros o autoridades en general.<br>Durante el siglo XIX y el comienzo del XX, las rondas, en que se cantaba de manera espont\u00e1nea con permiso de la autoridad o no, eran una actividad festiva muy frecuente en los pueblos no demasiado grandes y en el \u00e1mbito rural.<\/p>\n","protected":false},"excerpt":{"rendered":"<div class=\"mh-excerpt\">El domingo 6 de octubre tendr\u00e1 lugar esta tradicional celebraci\u00f3n con una actuaci\u00f3n itinerante desde el edificio Rialto de Val\u00e8ncia. La celebraci\u00f3n concluir\u00e1 con una actuaci\u00f3n en el Centre del Carme Cultura Contempor\u00e0nia, con entrada <a class=\"mh-excerpt-more\" href=\"https:\/\/www.tucomarca.com\/wordpress\/segunda\/el-institut-valencia-de-cultura-celebra-el-dia-del-cant-destil-en-la-ciudad-de-valencia\/\" title=\"El Institut Valenci\u00e0 de Cultura celebra el Dia del Cant d\u2019Estil en la ciudad de Val\u00e8ncia\">[+] <\/a><\/div>\n","protected":false},"author":12,"featured_media":238614,"comment_status":"open","ping_status":"open","sticky":false,"template":"","format":"standard","meta":{"footnotes":""},"categories":[4,66,8,72,7,3,45],"tags":[21272,13272,17757],"class_list":{"0":"post-238589","1":"post","2":"type-post","3":"status-publish","4":"format-standard","5":"has-post-thumbnail","7":"category-agenda","8":"category-musica","9":"category-la-comarca","10":"category-sin-categorizar","11":"category-ocio-y-cultura","12":"category-seccion","13":"category-ventana","14":"tag-dia-del-cant-destil","15":"tag-institut-valencia-de-cultura","16":"tag-ivc"},"_links":{"self":[{"href":"https:\/\/www.tucomarca.com\/wordpress\/segunda\/wp-json\/wp\/v2\/posts\/238589","targetHints":{"allow":["GET"]}}],"collection":[{"href":"https:\/\/www.tucomarca.com\/wordpress\/segunda\/wp-json\/wp\/v2\/posts"}],"about":[{"href":"https:\/\/www.tucomarca.com\/wordpress\/segunda\/wp-json\/wp\/v2\/types\/post"}],"author":[{"embeddable":true,"href":"https:\/\/www.tucomarca.com\/wordpress\/segunda\/wp-json\/wp\/v2\/users\/12"}],"replies":[{"embeddable":true,"href":"https:\/\/www.tucomarca.com\/wordpress\/segunda\/wp-json\/wp\/v2\/comments?post=238589"}],"version-history":[{"count":0,"href":"https:\/\/www.tucomarca.com\/wordpress\/segunda\/wp-json\/wp\/v2\/posts\/238589\/revisions"}],"wp:featuredmedia":[{"embeddable":true,"href":"https:\/\/www.tucomarca.com\/wordpress\/segunda\/wp-json\/wp\/v2\/media\/238614"}],"wp:attachment":[{"href":"https:\/\/www.tucomarca.com\/wordpress\/segunda\/wp-json\/wp\/v2\/media?parent=238589"}],"wp:term":[{"taxonomy":"category","embeddable":true,"href":"https:\/\/www.tucomarca.com\/wordpress\/segunda\/wp-json\/wp\/v2\/categories?post=238589"},{"taxonomy":"post_tag","embeddable":true,"href":"https:\/\/www.tucomarca.com\/wordpress\/segunda\/wp-json\/wp\/v2\/tags?post=238589"}],"curies":[{"name":"wp","href":"https:\/\/api.w.org\/{rel}","templated":true}]}}