{"id":238623,"date":"2024-10-01T08:30:00","date_gmt":"2024-10-01T06:30:00","guid":{"rendered":"https:\/\/www.tucomarca.com\/wordpress\/segunda\/?p=238623"},"modified":"2024-10-01T21:16:02","modified_gmt":"2024-10-01T19:16:02","slug":"el-institut-valencia-de-cultura-apoya-la-celebracion-de-la-41-edicion-de-quartmetratges-el-festival-decano-del-cortometraje-en-valenciano","status":"publish","type":"post","link":"https:\/\/www.tucomarca.com\/wordpress\/segunda\/el-institut-valencia-de-cultura-apoya-la-celebracion-de-la-41-edicion-de-quartmetratges-el-festival-decano-del-cortometraje-en-valenciano\/","title":{"rendered":"El Institut Valenci\u00e0 de Cultura apoya la celebraci\u00f3n de la 41 edici\u00f3n de Quartmetratges, el festival decano del cortometraje en valenciano"},"content":{"rendered":"\n<h3 class=\"wp-block-heading\">La Filmoteca Valenciana ha acogido la presentaci\u00f3n del festival, que se celebra del 11 al 19 de octubre en diversos espacios culturales de Quart de Poblet.<\/h3>\n\n\n\n<h3 class=\"wp-block-heading\">El festival est\u00e1 organizado por el Ayuntamiento de la localidad con la colaboraci\u00f3n del IVC.<\/h3>\n\n\n\n<p>El director general del Institut Valenci\u00e0 de Cultura, \u00c1lvaro L\u00f3pez-Jamar, ha participado en la presentaci\u00f3n de los contenidos de los contenidos del festival Quartmetratges, que se celebra del 11 al 19 de octubre en Quart de Poblet.<br>\u201cNos satisface que Quartmetratges pueda presentar otro a\u00f1o m\u00e1s su programaci\u00f3n en La Filmoteca Valenciana, porque es el festival decano del g\u00e9nero del cortometraje en la Comunitat Valenciana y el \u00fanico dedicado exclusivamente al corto valenciano\u201d, ha se\u00f1alado L\u00f3pez-Jamar<br>L\u00f3pez-Jamar tambi\u00e9n ha indicado que Quartmetratges \u201cha sido una excelente plataforma de promoci\u00f3n de guionistas y cineastas valencianos durante m\u00e1s de cuatro d\u00e9cadas, no solo por sus proyecciones sino tambi\u00e9n por el concurso de guiones.\u201d&nbsp;<br>En el acto han intervenido tambi\u00e9n la alcaldesa de Quart de Poblet, Cristina Mora; los dise\u00f1adores de Granissat Estudiu Creatiu, responsables de la identidad gr\u00e1fica de Quartmetratges, Lluis Campello y Claudia Kjolner, y el director art\u00edstico del festival, Ram\u00f3n Alfonso.<\/p>\n\n\n\n<figure class=\"wp-block-image size-large\"><img loading=\"lazy\" decoding=\"async\" width=\"1024\" height=\"701\" src=\"https:\/\/www.tucomarca.com\/wordpress\/segunda\/wp-content\/uploads\/2024\/10\/IVC_Quartmetratges2-1024x701.jpg\" alt=\"\" class=\"wp-image-238634\" srcset=\"https:\/\/www.tucomarca.com\/wordpress\/segunda\/wp-content\/uploads\/2024\/10\/IVC_Quartmetratges2-1024x701.jpg 1024w, https:\/\/www.tucomarca.com\/wordpress\/segunda\/wp-content\/uploads\/2024\/10\/IVC_Quartmetratges2-300x205.jpg 300w, https:\/\/www.tucomarca.com\/wordpress\/segunda\/wp-content\/uploads\/2024\/10\/IVC_Quartmetratges2-768x525.jpg 768w, https:\/\/www.tucomarca.com\/wordpress\/segunda\/wp-content\/uploads\/2024\/10\/IVC_Quartmetratges2.jpg 1181w\" sizes=\"auto, (max-width: 1024px) 100vw, 1024px\" \/><\/figure>\n\n\n\n<p>Por su parte, la alcaldesa de Quart de Poblet, Cristina Mora, ha indicado que es un orgullo \u201cestar presentando esta 41\u00aa edici\u00f3n porque supone el \u00e9xito de una iniciativa municipal que empezamos con mucha ilusi\u00f3n y que hemos sido capaces de lograr un festival con entidad y con identidad propia, lo cual no ha sido una tarea sencilla, pero que ha sido posible gracias al apoyo de instituciones como el IVC.<\/p>\n\n\n\n<p>Mora ha a\u00f1adido que \u00aben esta edici\u00f3n, adem\u00e1s, queremos dar un paso m\u00e1s all\u00e1 y las dos sesiones de jueves, 17 de octubre, estar\u00e1n adaptaste para personas con discapacidad auditiva y visual, el cual supone un paso muy importante para que Quartmetratges sea tambi\u00e9n un espacio de ocio integrador.\u00bb<br>En la presentaci\u00f3n del festival, los dise\u00f1adores de Granissat Estudiu Creatiu, responsables de la identidad gr\u00e1fica de Quartmetratges, Lluis Campello y Claudia Kjolner,Lluis Campello y Claudia Kjolner, han presentado el cartel y explicado su proceso de creaci\u00f3n.&nbsp;<\/p>\n\n\n\n<p><strong>Concurso de guiones<\/strong><br>El festival lleva 36 a\u00f1os premiando guiones en paralelo al concurso de cortometrajes, como un acto de reivindicaci\u00f3n de la escritura de guion. Muchos de los textos premiados han participado luego en el festival como cortometrajes, lo que indica que Quartmetratges es una eficaz plataforma para el desarrollo no s\u00f3lo de los proyectos, sino tambi\u00e9n de cineastas.<br>El festival Quartmetratges, con su concurso de cortometrajes valencianos y su concurso de guiones, est\u00e1 organizado por el Ayuntamiento de Quart de Poblet con la colaboraci\u00f3n de la Conselleria de Educaci\u00f3n, Cultura, Universidades y Empleo, a trav\u00e9s del Institut Valenci\u00e0 de Cultura. Tambi\u00e9n cuenta con el apoyo del \u00c1rea de Cultura de la Diputaci\u00f3n de Valencia y Movibeta. &nbsp;<\/p>\n\n\n\n<p><strong>Proyecciones en Quart de Poblet<\/strong><br>El acto de inauguraci\u00f3n se celebra el viernes 11 de octubre, a las 19.30 horas, en el Centro Cultural El Casino de Quart de Poblet con la actuaci\u00f3n del humorista Jes\u00fas Manzano.&nbsp;<br>El s\u00e1bado 12 de octubre, a las 18.00 horas, en el Auditori Mol\u00ed de la Vila se proyecta el largometraje valenciano \u2018La Casa\u2019 de Alex Montoya.&nbsp;<br>El martes 15 de octubre, a las 19 horas, en el Centre Cultural el Casino se proyectan los cortos del concurso \u2018Cortos por m\u00f3vil\u2019 del \u00c1rea de Igualdad del Ayuntamiento y del cortometraje realizado por el alumnado del Proyecto Europeo Cine y Acci\u00f3n del \u00c1rea de Juventud.<br>El mi\u00e9rcoles 16 de octubre, a las 19.00 horas, en el Centro Cultural el Casino se proyectan los cortos \u2018Deliver Me\u2019 de Joecar Hanna-Zhang; \u2018HDA (Historias de amor)\u2019 de Javier Artigas; \u2018Azul meteoro\u2019 de Marta Guill\u00e9n, y \u2018Romance y destrucci\u00f3n\u2019 de Honorato Ruiz. En la sesi\u00f3n de las 20.00 horas se proyectan \u2018Intercanvi\u2019 de Alberto Evangelio Ramos; \u2018Els amants\u2019 de Joan Vives Lozano; y \u2018Troleig\u2019 de Luis Alberto P\u00e9rez Cuevas.<br>El jueves 17 de octubre, a las 19.00 horas, en el Centro Cultural el Casino se proyectan los cortos \u2018El pisito\u2019 de Claudia Garc\u00eda: \u2018Este es el diario no tan secreto de Raquel\u2019 de Raquel Agea Ramos; y \u2018Morir antes de morir\u2019 de Jes\u00fas Lacorte. En la sesi\u00f3n de las 20.00 horas se proyectan los cortos de animaci\u00f3n \u2018Felina\u2019 de Mar\u00eda Lorenzo; \u2018Mortelli, un cas perdut\u2019 de Ben Fern\u00e1ndez; \u2018Periquitos\u2019 de Alex Rey, y \u2018Gilbert\u2019de Arturo Lacal, Alex Salu y Jordi Jim\u00e9nez.&nbsp;<br>El viernes 18 de octubre, a las 18.00 horas, en el Centro Cultural el Casino se proyectan los cortos \u2018Para mam\u00e1 y para ti\u2019 de Antonio Ledesma; \u2018Ruth\u2019 de Sonia Mart\u00ed Gallego, y \u2018Peque\u00f1o\u2019 de Meka Ribera y \u00c1lvaro G. Company. En la sesi\u00f3n de las 19.00 horas se proyectan \u2018En record de Lupi\u2019 de Sils Mare; Para lo que nos queda en el convento\u2019 de \u00c1ngel Quel, y \u201813 (Trece)\u2019 de Mariam Zelaia.&nbsp;<br>El s\u00e1bado 19 de octubre, a las 12.00 horas, en la Biblioteca P\u00fablica Municipal Enric Valor se celebra el taller infantil \u2018Monstruos de pel\u00edcula\u2019 organizado por Luminaria, Arte y Aprendizaje.<br>La gala de clausura con la entrega de premios se celebrar\u00e1 el s\u00e1bado 19 de octubre, a las 19.30 horas, en el Auditori Mol\u00ed de Vila, en un acto conducido por Pepa Cases.\u2028<\/p>\n","protected":false},"excerpt":{"rendered":"<div class=\"mh-excerpt\">La Filmoteca Valenciana ha acogido la presentaci\u00f3n del festival, que se celebra del 11 al 19 de octubre en diversos espacios culturales de Quart de Poblet. El festival est\u00e1 organizado por el Ayuntamiento de la <a class=\"mh-excerpt-more\" href=\"https:\/\/www.tucomarca.com\/wordpress\/segunda\/el-institut-valencia-de-cultura-apoya-la-celebracion-de-la-41-edicion-de-quartmetratges-el-festival-decano-del-cortometraje-en-valenciano\/\" title=\"El Institut Valenci\u00e0 de Cultura apoya la celebraci\u00f3n de la 41 edici\u00f3n de Quartmetratges, el festival decano del cortometraje en valenciano\">[+] <\/a><\/div>\n","protected":false},"author":12,"featured_media":238636,"comment_status":"open","ping_status":"open","sticky":false,"template":"","format":"standard","meta":{"footnotes":""},"categories":[4,72,7,3,45],"tags":[21275,13272,17757,21274],"class_list":{"0":"post-238623","1":"post","2":"type-post","3":"status-publish","4":"format-standard","5":"has-post-thumbnail","7":"category-agenda","8":"category-sin-categorizar","9":"category-ocio-y-cultura","10":"category-seccion","11":"category-ventana","12":"tag-cortometraje-valenciano","13":"tag-institut-valencia-de-cultura","14":"tag-ivc","15":"tag-quartmetratges"},"_links":{"self":[{"href":"https:\/\/www.tucomarca.com\/wordpress\/segunda\/wp-json\/wp\/v2\/posts\/238623","targetHints":{"allow":["GET"]}}],"collection":[{"href":"https:\/\/www.tucomarca.com\/wordpress\/segunda\/wp-json\/wp\/v2\/posts"}],"about":[{"href":"https:\/\/www.tucomarca.com\/wordpress\/segunda\/wp-json\/wp\/v2\/types\/post"}],"author":[{"embeddable":true,"href":"https:\/\/www.tucomarca.com\/wordpress\/segunda\/wp-json\/wp\/v2\/users\/12"}],"replies":[{"embeddable":true,"href":"https:\/\/www.tucomarca.com\/wordpress\/segunda\/wp-json\/wp\/v2\/comments?post=238623"}],"version-history":[{"count":0,"href":"https:\/\/www.tucomarca.com\/wordpress\/segunda\/wp-json\/wp\/v2\/posts\/238623\/revisions"}],"wp:featuredmedia":[{"embeddable":true,"href":"https:\/\/www.tucomarca.com\/wordpress\/segunda\/wp-json\/wp\/v2\/media\/238636"}],"wp:attachment":[{"href":"https:\/\/www.tucomarca.com\/wordpress\/segunda\/wp-json\/wp\/v2\/media?parent=238623"}],"wp:term":[{"taxonomy":"category","embeddable":true,"href":"https:\/\/www.tucomarca.com\/wordpress\/segunda\/wp-json\/wp\/v2\/categories?post=238623"},{"taxonomy":"post_tag","embeddable":true,"href":"https:\/\/www.tucomarca.com\/wordpress\/segunda\/wp-json\/wp\/v2\/tags?post=238623"}],"curies":[{"name":"wp","href":"https:\/\/api.w.org\/{rel}","templated":true}]}}