{"id":238750,"date":"2024-10-02T13:00:00","date_gmt":"2024-10-02T11:00:00","guid":{"rendered":"https:\/\/www.tucomarca.com\/wordpress\/segunda\/?p=238750"},"modified":"2024-10-02T18:15:53","modified_gmt":"2024-10-02T16:15:53","slug":"mas-de-700-personas-apoyan-a-la-asociacion-espanola-contra-el-cancer-de-benaguasil-en-su-cena-solidaria","status":"publish","type":"post","link":"https:\/\/www.tucomarca.com\/wordpress\/segunda\/mas-de-700-personas-apoyan-a-la-asociacion-espanola-contra-el-cancer-de-benaguasil-en-su-cena-solidaria\/","title":{"rendered":"M\u00e1s de 700 personas apoyan a la Asociaci\u00f3n Espa\u00f1ola contra el C\u00e1ncer de Benaguasil en su cena solidaria"},"content":{"rendered":"\n<h3 class=\"wp-block-heading\">El evento super\u00f3 la asistencia del a\u00f1o anterior, lo que sirve para seguir sumando esfuerzos en la lucha com\u00fan contra la enfermedad.<\/h3>\n\n\n\n<h3 class=\"wp-block-heading\">La Junta Local de la AECC Benaguasil agradeci\u00f3 a los vecinos y a los comercios de la localidad su solidaridad y colaboraci\u00f3n.<\/h3>\n\n\n\n<p>La Junta Local contra el C\u00e1ncer de Benaguasil celebr\u00f3 el pasado s\u00e1bado su tradicional cena solidaria con el fin de recaudar fondos para combatir esta enfermedad.<br>El acto, celebrado en la avenida de Montiel, congreg\u00f3 a 749 personas que con su presencia quisieron aportar su granito de arena a la causa. Entre los asistentes estuvo tambi\u00e9n el alcalde de Benaguasil, Ximo Segarra y varios miembros de la corporaci\u00f3n municipal que destacaron el compromiso y la generosidad una vez m\u00e1s de Benaguasil en la lucha contra el c\u00e1ncer.<br>Tras finalizar la cena, los asistentes disfrutaron de un sorteo de variados regalos donados por comercios, empresas y particulares.<br>Desde la Asociaci\u00f3n Contra el C\u00e1ncer en Benaguasil han mostrado su agradecimiento por la solidaridad de los vecinos y la respuesta de los comercios y empresas colaboradoras que, un a\u00f1o m\u00e1s se han volcado en este acontecimiento ya que el dinero recogido en este evento, uno de los m\u00e1s importantes para la asociaci\u00f3n junto con la carrera Runc\u00e1ncer, va destinado a la investigaci\u00f3n de esta enfermedad.<\/p>\n\n\n\n<figure class=\"wp-block-gallery has-nested-images columns-default is-cropped wp-block-gallery-1 is-layout-flex wp-block-gallery-is-layout-flex\">\n<figure class=\"wp-block-image size-large\"><img loading=\"lazy\" decoding=\"async\" width=\"1024\" height=\"1024\" data-id=\"238769\" src=\"https:\/\/www.tucomarca.com\/wordpress\/segunda\/wp-content\/uploads\/2024\/10\/BenaguasilCenacancer2-1024x1024.jpg\" alt=\"\" class=\"wp-image-238769\" srcset=\"https:\/\/www.tucomarca.com\/wordpress\/segunda\/wp-content\/uploads\/2024\/10\/BenaguasilCenacancer2-1024x1024.jpg 1024w, https:\/\/www.tucomarca.com\/wordpress\/segunda\/wp-content\/uploads\/2024\/10\/BenaguasilCenacancer2-300x300.jpg 300w, https:\/\/www.tucomarca.com\/wordpress\/segunda\/wp-content\/uploads\/2024\/10\/BenaguasilCenacancer2-290x290.jpg 290w, https:\/\/www.tucomarca.com\/wordpress\/segunda\/wp-content\/uploads\/2024\/10\/BenaguasilCenacancer2-768x768.jpg 768w, https:\/\/www.tucomarca.com\/wordpress\/segunda\/wp-content\/uploads\/2024\/10\/BenaguasilCenacancer2.jpg 1536w\" sizes=\"auto, (max-width: 1024px) 100vw, 1024px\" \/><\/figure>\n\n\n\n<figure class=\"wp-block-image size-large\"><img loading=\"lazy\" decoding=\"async\" width=\"886\" height=\"886\" data-id=\"238752\" src=\"https:\/\/www.tucomarca.com\/wordpress\/segunda\/wp-content\/uploads\/2024\/10\/Benaguasilcenacancer.jpg\" alt=\"\" class=\"wp-image-238752\" srcset=\"https:\/\/www.tucomarca.com\/wordpress\/segunda\/wp-content\/uploads\/2024\/10\/Benaguasilcenacancer.jpg 886w, https:\/\/www.tucomarca.com\/wordpress\/segunda\/wp-content\/uploads\/2024\/10\/Benaguasilcenacancer-300x300.jpg 300w, https:\/\/www.tucomarca.com\/wordpress\/segunda\/wp-content\/uploads\/2024\/10\/Benaguasilcenacancer-290x290.jpg 290w, https:\/\/www.tucomarca.com\/wordpress\/segunda\/wp-content\/uploads\/2024\/10\/Benaguasilcenacancer-768x768.jpg 768w\" sizes=\"auto, (max-width: 886px) 100vw, 886px\" \/><\/figure>\n<\/figure>\n","protected":false},"excerpt":{"rendered":"<div class=\"mh-excerpt\">El evento super\u00f3 la asistencia del a\u00f1o anterior, lo que sirve para seguir sumando esfuerzos en la lucha com\u00fan contra la enfermedad. La Junta Local de la AECC Benaguasil agradeci\u00f3 a los vecinos y a <a class=\"mh-excerpt-more\" href=\"https:\/\/www.tucomarca.com\/wordpress\/segunda\/mas-de-700-personas-apoyan-a-la-asociacion-espanola-contra-el-cancer-de-benaguasil-en-su-cena-solidaria\/\" title=\"M\u00e1s de 700 personas apoyan a la Asociaci\u00f3n Espa\u00f1ola contra el C\u00e1ncer de Benaguasil en su cena solidaria\">[+] <\/a><\/div>\n","protected":false},"author":12,"featured_media":238771,"comment_status":"open","ping_status":"open","sticky":false,"template":"","format":"gallery","meta":{"footnotes":""},"categories":[172,46,8,7,3],"tags":[21287,10429,10395,21288],"class_list":{"0":"post-238750","1":"post","2":"type-post","3":"status-publish","4":"format-gallery","5":"has-post-thumbnail","7":"category-benaguasil","8":"category-camp-de-turia","9":"category-la-comarca","10":"category-ocio-y-cultura","11":"category-seccion","12":"tag-aecc-benaguasil","13":"tag-benaguasil","14":"tag-camp-de-turia","15":"tag-cena-contra-el-cancer","16":"post_format-post-format-gallery"},"_links":{"self":[{"href":"https:\/\/www.tucomarca.com\/wordpress\/segunda\/wp-json\/wp\/v2\/posts\/238750","targetHints":{"allow":["GET"]}}],"collection":[{"href":"https:\/\/www.tucomarca.com\/wordpress\/segunda\/wp-json\/wp\/v2\/posts"}],"about":[{"href":"https:\/\/www.tucomarca.com\/wordpress\/segunda\/wp-json\/wp\/v2\/types\/post"}],"author":[{"embeddable":true,"href":"https:\/\/www.tucomarca.com\/wordpress\/segunda\/wp-json\/wp\/v2\/users\/12"}],"replies":[{"embeddable":true,"href":"https:\/\/www.tucomarca.com\/wordpress\/segunda\/wp-json\/wp\/v2\/comments?post=238750"}],"version-history":[{"count":0,"href":"https:\/\/www.tucomarca.com\/wordpress\/segunda\/wp-json\/wp\/v2\/posts\/238750\/revisions"}],"wp:featuredmedia":[{"embeddable":true,"href":"https:\/\/www.tucomarca.com\/wordpress\/segunda\/wp-json\/wp\/v2\/media\/238771"}],"wp:attachment":[{"href":"https:\/\/www.tucomarca.com\/wordpress\/segunda\/wp-json\/wp\/v2\/media?parent=238750"}],"wp:term":[{"taxonomy":"category","embeddable":true,"href":"https:\/\/www.tucomarca.com\/wordpress\/segunda\/wp-json\/wp\/v2\/categories?post=238750"},{"taxonomy":"post_tag","embeddable":true,"href":"https:\/\/www.tucomarca.com\/wordpress\/segunda\/wp-json\/wp\/v2\/tags?post=238750"}],"curies":[{"name":"wp","href":"https:\/\/api.w.org\/{rel}","templated":true}]}}