{"id":238847,"date":"2024-10-04T10:15:00","date_gmt":"2024-10-04T08:15:00","guid":{"rendered":"https:\/\/www.tucomarca.com\/wordpress\/segunda\/?p=238847"},"modified":"2024-10-04T09:06:32","modified_gmt":"2024-10-04T07:06:32","slug":"chiva-acoge-su-primera-feria-del-comercio-y-asociaciones-del-4-al-6-de-octubre","status":"publish","type":"post","link":"https:\/\/www.tucomarca.com\/wordpress\/segunda\/chiva-acoge-su-primera-feria-del-comercio-y-asociaciones-del-4-al-6-de-octubre\/","title":{"rendered":"Chiva acoge su primera Feria del Comercio y Asociaciones del 4 al 6 de octubre"},"content":{"rendered":"\n<p>Del 4 al 6 de octubre, Chiva acoge su primera Feria del Comercio y Asociaciones, un evento que tendr\u00e1 lugar en la Avenida Doctor Corach\u00e1n y la calle Cu\u00f1at Cort\u00e9s. La feria busca promover el comercio local y dar visibilidad a las asociaciones del municipio, con una amplia oferta de stands, exposiciones, talleres y actividades.<\/p>\n\n\n\n<p>Durante todo el fin de semana, los asistentes podr\u00e1n disfrutar de degustaciones, actuaciones musicales en directo, sorteos y una exhibici\u00f3n de paella gigante, entre muchas otras actividades programadas para toda la familia.<\/p>\n","protected":false},"excerpt":{"rendered":"<div class=\"mh-excerpt\">Del 4 al 6 de octubre, Chiva acoge su primera Feria del Comercio y Asociaciones, un evento que tendr\u00e1 lugar en la Avenida Doctor Corach\u00e1n y la calle Cu\u00f1at Cort\u00e9s. La feria busca promover el <a class=\"mh-excerpt-more\" href=\"https:\/\/www.tucomarca.com\/wordpress\/segunda\/chiva-acoge-su-primera-feria-del-comercio-y-asociaciones-del-4-al-6-de-octubre\/\" title=\"Chiva acoge su primera Feria del Comercio y Asociaciones del 4 al 6 de octubre\">[+] <\/a><\/div>\n","protected":false},"author":13,"featured_media":238859,"comment_status":"open","ping_status":"open","sticky":false,"template":"","format":"standard","meta":{"footnotes":""},"categories":[4,16,8,72,10,7,3],"tags":[10384,19167,5952,15855],"class_list":{"0":"post-238847","1":"post","2":"type-post","3":"status-publish","4":"format-standard","5":"has-post-thumbnail","7":"category-agenda","8":"category-chiva","9":"category-la-comarca","10":"category-sin-categorizar","11":"category-la-hoya","12":"category-ocio-y-cultura","13":"category-seccion","14":"tag-chiva","15":"tag-feria-del-comercio","16":"tag-la-hoya-de-bunol-chiva","17":"tag-ocio-y-cultura"},"_links":{"self":[{"href":"https:\/\/www.tucomarca.com\/wordpress\/segunda\/wp-json\/wp\/v2\/posts\/238847","targetHints":{"allow":["GET"]}}],"collection":[{"href":"https:\/\/www.tucomarca.com\/wordpress\/segunda\/wp-json\/wp\/v2\/posts"}],"about":[{"href":"https:\/\/www.tucomarca.com\/wordpress\/segunda\/wp-json\/wp\/v2\/types\/post"}],"author":[{"embeddable":true,"href":"https:\/\/www.tucomarca.com\/wordpress\/segunda\/wp-json\/wp\/v2\/users\/13"}],"replies":[{"embeddable":true,"href":"https:\/\/www.tucomarca.com\/wordpress\/segunda\/wp-json\/wp\/v2\/comments?post=238847"}],"version-history":[{"count":0,"href":"https:\/\/www.tucomarca.com\/wordpress\/segunda\/wp-json\/wp\/v2\/posts\/238847\/revisions"}],"wp:featuredmedia":[{"embeddable":true,"href":"https:\/\/www.tucomarca.com\/wordpress\/segunda\/wp-json\/wp\/v2\/media\/238859"}],"wp:attachment":[{"href":"https:\/\/www.tucomarca.com\/wordpress\/segunda\/wp-json\/wp\/v2\/media?parent=238847"}],"wp:term":[{"taxonomy":"category","embeddable":true,"href":"https:\/\/www.tucomarca.com\/wordpress\/segunda\/wp-json\/wp\/v2\/categories?post=238847"},{"taxonomy":"post_tag","embeddable":true,"href":"https:\/\/www.tucomarca.com\/wordpress\/segunda\/wp-json\/wp\/v2\/tags?post=238847"}],"curies":[{"name":"wp","href":"https:\/\/api.w.org\/{rel}","templated":true}]}}