{"id":238849,"date":"2024-10-03T11:15:00","date_gmt":"2024-10-03T09:15:00","guid":{"rendered":"https:\/\/www.tucomarca.com\/wordpress\/segunda\/?p=238849"},"modified":"2024-10-03T12:36:12","modified_gmt":"2024-10-03T10:36:12","slug":"cheste-celebrara-el-evento-party-remember-2024-con-raul-platero-dj-poyo-e-isaac-rubio","status":"publish","type":"post","link":"https:\/\/www.tucomarca.com\/wordpress\/segunda\/cheste-celebrara-el-evento-party-remember-2024-con-raul-platero-dj-poyo-e-isaac-rubio\/","title":{"rendered":"Cheste celebrar\u00e1 el evento \u201cParty Remember 2024\u201d con Ra\u00fal Platero, DJ Poyo e Isaac Rubio"},"content":{"rendered":"\n<p>Este s\u00e1bado, 5 de octubre, la plaza II Rep\u00fablica de Cheste acoger\u00e1 el evento \u201cParty remember 2024\u201d con motivo de la celebraci\u00f3n de la 51\u00aa edici\u00f3n de la Fiesta de la Vendimia.<\/p>\n\n\n\n<p>La discom\u00f3vil, organizada por Green Cave Events, contar\u00e1 con Ra\u00fal Platero, DJ valenciano de reconocida trayectoria en el panorama <em>remember<\/em>, con un repertorio con los temas m\u00e1s famosos de los a\u00f1os 90 y 2000. El cartel tambi\u00e9n contempla la actuaci\u00f3n del artista turolense DJ Poyo, tambi\u00e9n puntero en el panorama de m\u00fasica tecno nacional. De nuevo, no faltar\u00e1 la participaci\u00f3n local en el evento, de la mano de Isaac DJ Rubio.<\/p>\n\n\n\n<p>La discom\u00f3vil se celebrar\u00e1 a partir de las 23:30 y la entrada ser\u00e1 gratuita.<\/p>\n","protected":false},"excerpt":{"rendered":"<div class=\"mh-excerpt\">Este s\u00e1bado, 5 de octubre, la plaza II Rep\u00fablica de Cheste acoger\u00e1 el evento \u201cParty remember 2024\u201d con motivo de la celebraci\u00f3n de la 51\u00aa edici\u00f3n de la Fiesta de la Vendimia. La discom\u00f3vil, organizada <a class=\"mh-excerpt-more\" href=\"https:\/\/www.tucomarca.com\/wordpress\/segunda\/cheste-celebrara-el-evento-party-remember-2024-con-raul-platero-dj-poyo-e-isaac-rubio\/\" title=\"Cheste celebrar\u00e1 el evento \u201cParty Remember 2024\u201d con Ra\u00fal Platero, DJ Poyo e Isaac Rubio\">[+] <\/a><\/div>\n","protected":false},"author":13,"featured_media":238852,"comment_status":"open","ping_status":"open","sticky":false,"template":"","format":"standard","meta":{"footnotes":""},"categories":[4,66,17,10,7,3],"tags":[339,5952,15855],"class_list":{"0":"post-238849","1":"post","2":"type-post","3":"status-publish","4":"format-standard","5":"has-post-thumbnail","7":"category-agenda","8":"category-musica","9":"category-cheste","10":"category-la-hoya","11":"category-ocio-y-cultura","12":"category-seccion","13":"tag-cheste-2","14":"tag-la-hoya-de-bunol-chiva","15":"tag-ocio-y-cultura"},"_links":{"self":[{"href":"https:\/\/www.tucomarca.com\/wordpress\/segunda\/wp-json\/wp\/v2\/posts\/238849","targetHints":{"allow":["GET"]}}],"collection":[{"href":"https:\/\/www.tucomarca.com\/wordpress\/segunda\/wp-json\/wp\/v2\/posts"}],"about":[{"href":"https:\/\/www.tucomarca.com\/wordpress\/segunda\/wp-json\/wp\/v2\/types\/post"}],"author":[{"embeddable":true,"href":"https:\/\/www.tucomarca.com\/wordpress\/segunda\/wp-json\/wp\/v2\/users\/13"}],"replies":[{"embeddable":true,"href":"https:\/\/www.tucomarca.com\/wordpress\/segunda\/wp-json\/wp\/v2\/comments?post=238849"}],"version-history":[{"count":0,"href":"https:\/\/www.tucomarca.com\/wordpress\/segunda\/wp-json\/wp\/v2\/posts\/238849\/revisions"}],"wp:featuredmedia":[{"embeddable":true,"href":"https:\/\/www.tucomarca.com\/wordpress\/segunda\/wp-json\/wp\/v2\/media\/238852"}],"wp:attachment":[{"href":"https:\/\/www.tucomarca.com\/wordpress\/segunda\/wp-json\/wp\/v2\/media?parent=238849"}],"wp:term":[{"taxonomy":"category","embeddable":true,"href":"https:\/\/www.tucomarca.com\/wordpress\/segunda\/wp-json\/wp\/v2\/categories?post=238849"},{"taxonomy":"post_tag","embeddable":true,"href":"https:\/\/www.tucomarca.com\/wordpress\/segunda\/wp-json\/wp\/v2\/tags?post=238849"}],"curies":[{"name":"wp","href":"https:\/\/api.w.org\/{rel}","templated":true}]}}