{"id":238945,"date":"2024-10-04T08:00:00","date_gmt":"2024-10-04T06:00:00","guid":{"rendered":"https:\/\/www.tucomarca.com\/wordpress\/segunda\/?p=238945"},"modified":"2024-10-04T13:06:08","modified_gmt":"2024-10-04T11:06:08","slug":"requena-iniciara-proximamente-el-desarrollo-del-pai-camino-de-batan","status":"publish","type":"post","link":"https:\/\/www.tucomarca.com\/wordpress\/segunda\/requena-iniciara-proximamente-el-desarrollo-del-pai-camino-de-batan\/","title":{"rendered":"Requena iniciar\u00e1 pr\u00f3ximamente el desarrollo del PAI Camino de Bat\u00e1n"},"content":{"rendered":"\n<p>El Ayuntamiento de Requena ha dado un importante paso en el desarrollo urban\u00edstico de la ciudad con la firma de la orden de someter a informaci\u00f3n p\u00fablica el desarrollo del PAI Camino de Bat\u00e1n, accesible a trav\u00e9s de la autov\u00eda A3 en la salida intermedia. Este proyecto representa una gran oportunidad para el crecimiento y modernizaci\u00f3n de una zona estrat\u00e9gica de Requena.<\/p>\n\n\n\n<p>Durante este a\u00f1o, el Ayuntamiento ha estado trabajando para asegurar que los accesos a este nuevo desarrollo urban\u00edstico se realicen con la m\u00e1xima eficiencia y calidad para los ciudadanos. Entre las mejoras previstas se incluyen la creaci\u00f3n de una nueva rotonda, la optimizaci\u00f3n de los accesos viales, la instalaci\u00f3n de nueva luminaria, la incorporaci\u00f3n de zonas verdes, y un acceso peatonal, algo que hasta ahora no exist\u00eda en esta \u00e1rea. Este proyecto \u201ces motivo de enhorabuena para toda la ciudadania, ya que proporcionar\u00e1 un espacio que podr\u00e1 destinarse a m\u00faltiples usos. Si bien los usos espec\u00edficos del suelo a\u00fan no se han definido, las posibilidades son variadas y podr\u00edan incluir desde la construcci\u00f3n de un hotel, almacenes, oficinas, hasta zonas comerciales, de espect\u00e1culos o actividades recreativas y de ocio, entre otras, abarcando cualquier tipo de uso terciario\u201d afirman desde el consistorio.<\/p>\n\n\n\n<p>El desarrollo del PAI Camino de Bat\u00e1n \u201cno solo mejorar\u00e1 la infraestructura urbana de la zona, sino que tambi\u00e9n abrir\u00e1 un nuevo foco de inversi\u00f3n en Requena, brindando la oportunidad a nuevas empresas de establecerse en nuestra ciudad, lo que sin duda contribuir\u00e1 al dinamismo econ\u00f3mico y al crecimiento sostenible de la localidad\u201d destacan las fuentes. Informa, <strong>Luis Ib\u00e1\u00f1ez.<\/strong><\/p>\n","protected":false},"excerpt":{"rendered":"<div class=\"mh-excerpt\">El Ayuntamiento de Requena ha dado un importante paso en el desarrollo urban\u00edstico de la ciudad con la firma de la orden de someter a informaci\u00f3n p\u00fablica el desarrollo del PAI Camino de Bat\u00e1n, accesible <a class=\"mh-excerpt-more\" href=\"https:\/\/www.tucomarca.com\/wordpress\/segunda\/requena-iniciara-proximamente-el-desarrollo-del-pai-camino-de-batan\/\" title=\"Requena iniciar\u00e1 pr\u00f3ximamente el desarrollo del PAI Camino de Bat\u00e1n\">[+] <\/a><\/div>\n","protected":false},"author":12,"featured_media":238959,"comment_status":"open","ping_status":"open","sticky":false,"template":"","format":"standard","meta":{"footnotes":""},"categories":[128,8,142,28,27,3],"tags":[10388,10387],"class_list":{"0":"post-238945","1":"post","2":"type-post","3":"status-publish","4":"format-standard","5":"has-post-thumbnail","7":"category-infraestructuras","8":"category-la-comarca","9":"category-politica-la-comarca","10":"category-requena","11":"category-requena-utiel","12":"category-seccion","13":"tag-requena","14":"tag-requena-utiel"},"_links":{"self":[{"href":"https:\/\/www.tucomarca.com\/wordpress\/segunda\/wp-json\/wp\/v2\/posts\/238945","targetHints":{"allow":["GET"]}}],"collection":[{"href":"https:\/\/www.tucomarca.com\/wordpress\/segunda\/wp-json\/wp\/v2\/posts"}],"about":[{"href":"https:\/\/www.tucomarca.com\/wordpress\/segunda\/wp-json\/wp\/v2\/types\/post"}],"author":[{"embeddable":true,"href":"https:\/\/www.tucomarca.com\/wordpress\/segunda\/wp-json\/wp\/v2\/users\/12"}],"replies":[{"embeddable":true,"href":"https:\/\/www.tucomarca.com\/wordpress\/segunda\/wp-json\/wp\/v2\/comments?post=238945"}],"version-history":[{"count":0,"href":"https:\/\/www.tucomarca.com\/wordpress\/segunda\/wp-json\/wp\/v2\/posts\/238945\/revisions"}],"wp:featuredmedia":[{"embeddable":true,"href":"https:\/\/www.tucomarca.com\/wordpress\/segunda\/wp-json\/wp\/v2\/media\/238959"}],"wp:attachment":[{"href":"https:\/\/www.tucomarca.com\/wordpress\/segunda\/wp-json\/wp\/v2\/media?parent=238945"}],"wp:term":[{"taxonomy":"category","embeddable":true,"href":"https:\/\/www.tucomarca.com\/wordpress\/segunda\/wp-json\/wp\/v2\/categories?post=238945"},{"taxonomy":"post_tag","embeddable":true,"href":"https:\/\/www.tucomarca.com\/wordpress\/segunda\/wp-json\/wp\/v2\/tags?post=238945"}],"curies":[{"name":"wp","href":"https:\/\/api.w.org\/{rel}","templated":true}]}}