{"id":238979,"date":"2024-10-03T21:00:00","date_gmt":"2024-10-03T19:00:00","guid":{"rendered":"https:\/\/www.tucomarca.com\/wordpress\/segunda\/?p=238979"},"modified":"2024-10-04T13:10:14","modified_gmt":"2024-10-04T11:10:14","slug":"cortes-de-pallas-celebra-el-dia-del-mayor-este-viernes","status":"publish","type":"post","link":"https:\/\/www.tucomarca.com\/wordpress\/segunda\/cortes-de-pallas-celebra-el-dia-del-mayor-este-viernes\/","title":{"rendered":"Cortes de Pall\u00e1s celebra el D\u00eda del Mayor este viernes"},"content":{"rendered":"<div class=\"wp-block-image\">\n<figure class=\"alignleft size-large is-resized\"><img loading=\"lazy\" decoding=\"async\" width=\"723\" height=\"1024\" src=\"https:\/\/www.tucomarca.com\/wordpress\/segunda\/wp-content\/uploads\/2024\/10\/CortesMayor-723x1024.jpg\" alt=\"\" class=\"wp-image-238980\" style=\"width:492px;height:auto\" srcset=\"https:\/\/www.tucomarca.com\/wordpress\/segunda\/wp-content\/uploads\/2024\/10\/CortesMayor-723x1024.jpg 723w, https:\/\/www.tucomarca.com\/wordpress\/segunda\/wp-content\/uploads\/2024\/10\/CortesMayor-212x300.jpg 212w, https:\/\/www.tucomarca.com\/wordpress\/segunda\/wp-content\/uploads\/2024\/10\/CortesMayor-768x1087.jpg 768w, https:\/\/www.tucomarca.com\/wordpress\/segunda\/wp-content\/uploads\/2024\/10\/CortesMayor.jpg 886w\" sizes=\"auto, (max-width: 723px) 100vw, 723px\" \/><\/figure>\n<\/div>\n\n\n<p>\u2028El municipio de Cortes de Pall\u00e1s conmemorar\u00e1 el D\u00eda del Mayor este viernes, 4 de octubre, con una variedad de actividaes que comenzar\u00e1n a las 18:30 h en la plaza frente al Centro Social.<\/p>\n\n\n\n<p>Esta jornada, en la que se espera la participaci\u00f3n de vecinos y familiares est\u00e1 dedicada a homenajear a los mayores de la localidad, brind\u00e1ndoles un espacio de encuentro y disfrute en reconocimiento a su contribuci\u00f3n a la poblaci\u00f3n<\/p>\n","protected":false},"excerpt":{"rendered":"<div class=\"mh-excerpt\">\u2028El municipio de Cortes de Pall\u00e1s conmemorar\u00e1 el D\u00eda del Mayor este viernes, 4 de octubre, con una variedad de actividaes que comenzar\u00e1n a las 18:30 h en la plaza frente al Centro Social. Esta <a class=\"mh-excerpt-more\" href=\"https:\/\/www.tucomarca.com\/wordpress\/segunda\/cortes-de-pallas-celebra-el-dia-del-mayor-este-viernes\/\" title=\"Cortes de Pall\u00e1s celebra el D\u00eda del Mayor este viernes\">[+] <\/a><\/div>\n","protected":false},"author":12,"featured_media":238983,"comment_status":"open","ping_status":"open","sticky":false,"template":"","format":"standard","meta":{"footnotes":""},"categories":[4,38,40,8,7,3],"tags":[10392,15549,10651],"class_list":{"0":"post-238979","1":"post","2":"type-post","3":"status-publish","4":"format-standard","5":"has-post-thumbnail","7":"category-agenda","8":"category-ayora-cofrentes","9":"category-cortes-de-pallas","10":"category-la-comarca","11":"category-ocio-y-cultura","12":"category-seccion","13":"tag-cortes-de-pallas","14":"tag-dia-del-mayor","15":"tag-el-valle-de-ayora-cofrentes"},"_links":{"self":[{"href":"https:\/\/www.tucomarca.com\/wordpress\/segunda\/wp-json\/wp\/v2\/posts\/238979","targetHints":{"allow":["GET"]}}],"collection":[{"href":"https:\/\/www.tucomarca.com\/wordpress\/segunda\/wp-json\/wp\/v2\/posts"}],"about":[{"href":"https:\/\/www.tucomarca.com\/wordpress\/segunda\/wp-json\/wp\/v2\/types\/post"}],"author":[{"embeddable":true,"href":"https:\/\/www.tucomarca.com\/wordpress\/segunda\/wp-json\/wp\/v2\/users\/12"}],"replies":[{"embeddable":true,"href":"https:\/\/www.tucomarca.com\/wordpress\/segunda\/wp-json\/wp\/v2\/comments?post=238979"}],"version-history":[{"count":0,"href":"https:\/\/www.tucomarca.com\/wordpress\/segunda\/wp-json\/wp\/v2\/posts\/238979\/revisions"}],"wp:featuredmedia":[{"embeddable":true,"href":"https:\/\/www.tucomarca.com\/wordpress\/segunda\/wp-json\/wp\/v2\/media\/238983"}],"wp:attachment":[{"href":"https:\/\/www.tucomarca.com\/wordpress\/segunda\/wp-json\/wp\/v2\/media?parent=238979"}],"wp:term":[{"taxonomy":"category","embeddable":true,"href":"https:\/\/www.tucomarca.com\/wordpress\/segunda\/wp-json\/wp\/v2\/categories?post=238979"},{"taxonomy":"post_tag","embeddable":true,"href":"https:\/\/www.tucomarca.com\/wordpress\/segunda\/wp-json\/wp\/v2\/tags?post=238979"}],"curies":[{"name":"wp","href":"https:\/\/api.w.org\/{rel}","templated":true}]}}