{"id":238995,"date":"2024-10-04T10:45:00","date_gmt":"2024-10-04T08:45:00","guid":{"rendered":"https:\/\/www.tucomarca.com\/wordpress\/segunda\/?p=238995"},"modified":"2024-10-04T17:40:22","modified_gmt":"2024-10-04T15:40:22","slug":"godelleta-celebra-este-fin-de-semana-a-su-patrona-la-santisima-virgen-del-rosario","status":"publish","type":"post","link":"https:\/\/www.tucomarca.com\/wordpress\/segunda\/godelleta-celebra-este-fin-de-semana-a-su-patrona-la-santisima-virgen-del-rosario\/","title":{"rendered":"Godelleta celebra este fin de semana a su patrona, la Sant\u00edsima Virgen del Rosario"},"content":{"rendered":"\n<p>\u2028Este fin de semana, Godelleta rinde homenaje a su patrona, la Sant\u00edsima Virgen del Rosario, con la celebraci\u00f3n de su festividad tradicional, que tiene lugar el primer domingo de octubre.<\/p>\n\n\n\n<p>Los actos comenzar\u00e1n el domingo a las 7,00 horas con el Rosario de la Aurora y la Solemne Eucarist\u00eda, en la que participar\u00e1n la cofrad\u00eda de la Virgen del Rosario, clavar\u00edas, la Falla Godayla, la agrupaci\u00f3n infantil de la primera comuni\u00f3n y la Uni\u00f3n Musical de Godelleta. La ma\u00f1ana concluir\u00e1 con una masclet\u00e1, patrocinada por la Clavar\u00eda de la Virgen del Carmen 2024.<\/p>\n\n\n\n<p>Por la tarde, los vecinos participar\u00e1n en la tradicional procesi\u00f3n y la ofrenda de laurel en honor al Padre Tar\u00edn. La jornada finalizar\u00e1 con un castillo de fuegos artificiales, tambi\u00e9n patrocinado por la Clavar\u00eda de la Virgen del Carmen 2024, que iluminar\u00e1 el cielo de Godelleta en honor a su patrona.<\/p>\n","protected":false},"excerpt":{"rendered":"<div class=\"mh-excerpt\">\u2028Este fin de semana, Godelleta rinde homenaje a su patrona, la Sant\u00edsima Virgen del Rosario, con la celebraci\u00f3n de su festividad tradicional, que tiene lugar el primer domingo de octubre. Los actos comenzar\u00e1n el domingo <a class=\"mh-excerpt-more\" href=\"https:\/\/www.tucomarca.com\/wordpress\/segunda\/godelleta-celebra-este-fin-de-semana-a-su-patrona-la-santisima-virgen-del-rosario\/\" title=\"Godelleta celebra este fin de semana a su patrona, la Sant\u00edsima Virgen del Rosario\">[+] <\/a><\/div>\n","protected":false},"author":12,"featured_media":239009,"comment_status":"open","ping_status":"open","sticky":false,"template":"","format":"standard","meta":{"footnotes":""},"categories":[4,14,8,10,7,3],"tags":[10383,5952,21302],"class_list":{"0":"post-238995","1":"post","2":"type-post","3":"status-publish","4":"format-standard","5":"has-post-thumbnail","7":"category-agenda","8":"category-godelleta","9":"category-la-comarca","10":"category-la-hoya","11":"category-ocio-y-cultura","12":"category-seccion","13":"tag-godelleta","14":"tag-la-hoya-de-bunol-chiva","15":"tag-virgen-del-rosario"},"_links":{"self":[{"href":"https:\/\/www.tucomarca.com\/wordpress\/segunda\/wp-json\/wp\/v2\/posts\/238995","targetHints":{"allow":["GET"]}}],"collection":[{"href":"https:\/\/www.tucomarca.com\/wordpress\/segunda\/wp-json\/wp\/v2\/posts"}],"about":[{"href":"https:\/\/www.tucomarca.com\/wordpress\/segunda\/wp-json\/wp\/v2\/types\/post"}],"author":[{"embeddable":true,"href":"https:\/\/www.tucomarca.com\/wordpress\/segunda\/wp-json\/wp\/v2\/users\/12"}],"replies":[{"embeddable":true,"href":"https:\/\/www.tucomarca.com\/wordpress\/segunda\/wp-json\/wp\/v2\/comments?post=238995"}],"version-history":[{"count":0,"href":"https:\/\/www.tucomarca.com\/wordpress\/segunda\/wp-json\/wp\/v2\/posts\/238995\/revisions"}],"wp:featuredmedia":[{"embeddable":true,"href":"https:\/\/www.tucomarca.com\/wordpress\/segunda\/wp-json\/wp\/v2\/media\/239009"}],"wp:attachment":[{"href":"https:\/\/www.tucomarca.com\/wordpress\/segunda\/wp-json\/wp\/v2\/media?parent=238995"}],"wp:term":[{"taxonomy":"category","embeddable":true,"href":"https:\/\/www.tucomarca.com\/wordpress\/segunda\/wp-json\/wp\/v2\/categories?post=238995"},{"taxonomy":"post_tag","embeddable":true,"href":"https:\/\/www.tucomarca.com\/wordpress\/segunda\/wp-json\/wp\/v2\/tags?post=238995"}],"curies":[{"name":"wp","href":"https:\/\/api.w.org\/{rel}","templated":true}]}}