{"id":239143,"date":"2024-10-07T08:00:00","date_gmt":"2024-10-07T06:00:00","guid":{"rendered":"https:\/\/www.tucomarca.com\/wordpress\/segunda\/?p=239143"},"modified":"2024-10-07T19:21:52","modified_gmt":"2024-10-07T17:21:52","slug":"caixa-rural-torrent-convoca-su-campana-bienestar-social","status":"publish","type":"post","link":"https:\/\/www.tucomarca.com\/wordpress\/segunda\/caixa-rural-torrent-convoca-su-campana-bienestar-social\/","title":{"rendered":"Caixa Rural Torrent convoca su campa\u00f1a Bienestar Social"},"content":{"rendered":"\n<p>El Fondo Social Caixa Rural Torrent ha puesto en marcha, un a\u00f1o m\u00e1s, la campa\u00f1a \u2018Bienestar Social\u2019 dirigida a sus socios e hijos de socios con una discapacidad intelectual o del desarrollo con un grado igual o superior al 33 %. Cada uno de ellos recibir\u00e1 una caja de Navidad para poderla disfrutar con sus respectivas familias.<\/p>\n\n\n\n<p>Hasta el pr\u00f3ximo 15 de noviembre se podr\u00e1 solicitar o renovar la solicitud en la red de oficinas de la entidad ubicadas en Torrent, Picanya, Catarroja, Paiporta, Aldaia, Albal, Monserrat y Montroi, en horario de 8,30 a 14 horas.<br>&nbsp;<br>En las condiciones de la campa\u00f1a se detalla que en caso de solicitarse por primera vez, los clientes deber\u00e1n acudir a su oficina y presentar el certificado expedido por la Subdirecci\u00f3n General de Diversidad Funcional y Salud Mental de la Generalitat Valenciana, correspondiente a la Resoluci\u00f3n y el certificado del grado de discapacidad.<br>&nbsp;<br>La entrega de las cajas de Navidad se llevar\u00e1 a cabo a partir del 9 de diciembre en las respectivas oficinas de los beneficiarios de la campa\u00f1a.<\/p>\n","protected":false},"excerpt":{"rendered":"<div class=\"mh-excerpt\">El Fondo Social Caixa Rural Torrent ha puesto en marcha, un a\u00f1o m\u00e1s, la campa\u00f1a \u2018Bienestar Social\u2019 dirigida a sus socios e hijos de socios con una discapacidad intelectual o del desarrollo con un grado <a class=\"mh-excerpt-more\" href=\"https:\/\/www.tucomarca.com\/wordpress\/segunda\/caixa-rural-torrent-convoca-su-campana-bienestar-social\/\" title=\"Caixa Rural Torrent convoca su campa\u00f1a Bienestar Social\">[+] <\/a><\/div>\n","protected":false},"author":12,"featured_media":239144,"comment_status":"open","ping_status":"open","sticky":false,"template":"","format":"standard","meta":{"footnotes":""},"categories":[4,128,8,72,42,162,160,3],"tags":[2142],"class_list":{"0":"post-239143","1":"post","2":"type-post","3":"status-publish","4":"format-standard","5":"has-post-thumbnail","7":"category-agenda","8":"category-infraestructuras","9":"category-la-comarca","10":"category-sin-categorizar","11":"category-la-ribera","12":"category-monserrat","13":"category-montroi","14":"category-seccion","15":"tag-la-comunitat"},"_links":{"self":[{"href":"https:\/\/www.tucomarca.com\/wordpress\/segunda\/wp-json\/wp\/v2\/posts\/239143","targetHints":{"allow":["GET"]}}],"collection":[{"href":"https:\/\/www.tucomarca.com\/wordpress\/segunda\/wp-json\/wp\/v2\/posts"}],"about":[{"href":"https:\/\/www.tucomarca.com\/wordpress\/segunda\/wp-json\/wp\/v2\/types\/post"}],"author":[{"embeddable":true,"href":"https:\/\/www.tucomarca.com\/wordpress\/segunda\/wp-json\/wp\/v2\/users\/12"}],"replies":[{"embeddable":true,"href":"https:\/\/www.tucomarca.com\/wordpress\/segunda\/wp-json\/wp\/v2\/comments?post=239143"}],"version-history":[{"count":0,"href":"https:\/\/www.tucomarca.com\/wordpress\/segunda\/wp-json\/wp\/v2\/posts\/239143\/revisions"}],"wp:featuredmedia":[{"embeddable":true,"href":"https:\/\/www.tucomarca.com\/wordpress\/segunda\/wp-json\/wp\/v2\/media\/239144"}],"wp:attachment":[{"href":"https:\/\/www.tucomarca.com\/wordpress\/segunda\/wp-json\/wp\/v2\/media?parent=239143"}],"wp:term":[{"taxonomy":"category","embeddable":true,"href":"https:\/\/www.tucomarca.com\/wordpress\/segunda\/wp-json\/wp\/v2\/categories?post=239143"},{"taxonomy":"post_tag","embeddable":true,"href":"https:\/\/www.tucomarca.com\/wordpress\/segunda\/wp-json\/wp\/v2\/tags?post=239143"}],"curies":[{"name":"wp","href":"https:\/\/api.w.org\/{rel}","templated":true}]}}