{"id":239172,"date":"2024-10-07T13:30:00","date_gmt":"2024-10-07T11:30:00","guid":{"rendered":"https:\/\/www.tucomarca.com\/wordpress\/segunda\/?p=239172"},"modified":"2024-10-07T19:11:19","modified_gmt":"2024-10-07T17:11:19","slug":"fotogaleria-chiva-reune-al-comercio-local-en-su-primera-feria-de-comercio-y-asociaciones","status":"publish","type":"post","link":"https:\/\/www.tucomarca.com\/wordpress\/segunda\/fotogaleria-chiva-reune-al-comercio-local-en-su-primera-feria-de-comercio-y-asociaciones\/","title":{"rendered":"Fotogaler\u00eda: Chiva re\u00fane al comercio local en su primera Feria de Comercio y Asociaciones"},"content":{"rendered":"\n<p>Este pasado fin de semana, Chiva ha acogido la primera Feria de Comercio y Asociaciones, un evento que reuni\u00f3 a comercios locales, asociaciones y visitantes, en una muestra del dinamismo y la cooperaci\u00f3n del municipio. <\/p>\n\n\n\n<p>La alcaldesa, Amparo Fort, destac\u00f3 la alta participaci\u00f3n de los comercios y asociaciones locales, as\u00ed como la gran afluencia de p\u00fablico, incluyendo visitantes de otras localidades y vecinos de las urbanizaciones.<\/p>\n\n\n\n<p>Amparo Fort ha expresado su agradecimiento a todos los implicados, en especial a la Asociaci\u00f3n de Empresas y Comercios de Chiva, por su esfuerzo y dedicaci\u00f3n en la organizaci\u00f3n del evento. \u00abLa feria ha demostrado que, trabajando juntos, somos capaces de realizar iniciativas que nos hacen mirar al futuro con ilusi\u00f3n\u00bb, coment\u00f3. Adem\u00e1s, ha subrayado que Chiva ha mostrado ser un municipio \u00abvivo, con iniciativa y comprometido en la defensa de lo que nos hace grandes\u00bb.<\/p>\n\n\n\n<figure class=\"wp-block-gallery has-nested-images columns-1 is-cropped wp-block-gallery-1 is-layout-flex wp-block-gallery-is-layout-flex\">\n<figure class=\"wp-block-image size-large\"><img loading=\"lazy\" decoding=\"async\" width=\"886\" height=\"545\" data-id=\"239179\" src=\"https:\/\/www.tucomarca.com\/wordpress\/segunda\/wp-content\/uploads\/2024\/10\/ChivaFeria02.jpg\" alt=\"\" class=\"wp-image-239179\" srcset=\"https:\/\/www.tucomarca.com\/wordpress\/segunda\/wp-content\/uploads\/2024\/10\/ChivaFeria02.jpg 886w, https:\/\/www.tucomarca.com\/wordpress\/segunda\/wp-content\/uploads\/2024\/10\/ChivaFeria02-300x185.jpg 300w, https:\/\/www.tucomarca.com\/wordpress\/segunda\/wp-content\/uploads\/2024\/10\/ChivaFeria02-768x472.jpg 768w\" sizes=\"auto, (max-width: 886px) 100vw, 886px\" \/><\/figure>\n\n\n\n<figure class=\"wp-block-image size-large\"><img loading=\"lazy\" decoding=\"async\" width=\"886\" height=\"591\" data-id=\"239181\" src=\"https:\/\/www.tucomarca.com\/wordpress\/segunda\/wp-content\/uploads\/2024\/10\/ChivaFeria03.jpg\" alt=\"\" class=\"wp-image-239181\" srcset=\"https:\/\/www.tucomarca.com\/wordpress\/segunda\/wp-content\/uploads\/2024\/10\/ChivaFeria03.jpg 886w, https:\/\/www.tucomarca.com\/wordpress\/segunda\/wp-content\/uploads\/2024\/10\/ChivaFeria03-300x200.jpg 300w, https:\/\/www.tucomarca.com\/wordpress\/segunda\/wp-content\/uploads\/2024\/10\/ChivaFeria03-768x512.jpg 768w\" sizes=\"auto, (max-width: 886px) 100vw, 886px\" \/><\/figure>\n\n\n\n<figure class=\"wp-block-image size-large\"><img loading=\"lazy\" decoding=\"async\" width=\"886\" height=\"554\" data-id=\"239191\" src=\"https:\/\/www.tucomarca.com\/wordpress\/segunda\/wp-content\/uploads\/2024\/10\/ChivaFeria08.jpg\" alt=\"\" class=\"wp-image-239191\" srcset=\"https:\/\/www.tucomarca.com\/wordpress\/segunda\/wp-content\/uploads\/2024\/10\/ChivaFeria08.jpg 886w, https:\/\/www.tucomarca.com\/wordpress\/segunda\/wp-content\/uploads\/2024\/10\/ChivaFeria08-300x188.jpg 300w, https:\/\/www.tucomarca.com\/wordpress\/segunda\/wp-content\/uploads\/2024\/10\/ChivaFeria08-768x480.jpg 768w\" sizes=\"auto, (max-width: 886px) 100vw, 886px\" \/><\/figure>\n\n\n\n<figure class=\"wp-block-image size-large\"><img loading=\"lazy\" decoding=\"async\" width=\"886\" height=\"591\" data-id=\"239189\" src=\"https:\/\/www.tucomarca.com\/wordpress\/segunda\/wp-content\/uploads\/2024\/10\/ChivaFeria07.jpg\" alt=\"\" class=\"wp-image-239189\" srcset=\"https:\/\/www.tucomarca.com\/wordpress\/segunda\/wp-content\/uploads\/2024\/10\/ChivaFeria07.jpg 886w, https:\/\/www.tucomarca.com\/wordpress\/segunda\/wp-content\/uploads\/2024\/10\/ChivaFeria07-300x200.jpg 300w, https:\/\/www.tucomarca.com\/wordpress\/segunda\/wp-content\/uploads\/2024\/10\/ChivaFeria07-768x512.jpg 768w\" sizes=\"auto, (max-width: 886px) 100vw, 886px\" \/><\/figure>\n\n\n\n<figure class=\"wp-block-image size-large\"><img loading=\"lazy\" decoding=\"async\" width=\"886\" height=\"591\" data-id=\"239185\" src=\"https:\/\/www.tucomarca.com\/wordpress\/segunda\/wp-content\/uploads\/2024\/10\/ChivaFeria05.jpg\" alt=\"\" class=\"wp-image-239185\" srcset=\"https:\/\/www.tucomarca.com\/wordpress\/segunda\/wp-content\/uploads\/2024\/10\/ChivaFeria05.jpg 886w, https:\/\/www.tucomarca.com\/wordpress\/segunda\/wp-content\/uploads\/2024\/10\/ChivaFeria05-300x200.jpg 300w, https:\/\/www.tucomarca.com\/wordpress\/segunda\/wp-content\/uploads\/2024\/10\/ChivaFeria05-768x512.jpg 768w\" sizes=\"auto, (max-width: 886px) 100vw, 886px\" \/><\/figure>\n\n\n\n<figure class=\"wp-block-image size-large\"><img loading=\"lazy\" decoding=\"async\" width=\"886\" height=\"584\" data-id=\"239187\" src=\"https:\/\/www.tucomarca.com\/wordpress\/segunda\/wp-content\/uploads\/2024\/10\/ChivaFeria06.jpg\" alt=\"\" class=\"wp-image-239187\" srcset=\"https:\/\/www.tucomarca.com\/wordpress\/segunda\/wp-content\/uploads\/2024\/10\/ChivaFeria06.jpg 886w, https:\/\/www.tucomarca.com\/wordpress\/segunda\/wp-content\/uploads\/2024\/10\/ChivaFeria06-300x198.jpg 300w, https:\/\/www.tucomarca.com\/wordpress\/segunda\/wp-content\/uploads\/2024\/10\/ChivaFeria06-768x506.jpg 768w\" sizes=\"auto, (max-width: 886px) 100vw, 886px\" \/><\/figure>\n<\/figure>\n","protected":false},"excerpt":{"rendered":"<div class=\"mh-excerpt\">Este pasado fin de semana, Chiva ha acogido la primera Feria de Comercio y Asociaciones, un evento que reuni\u00f3 a comercios locales, asociaciones y visitantes, en una muestra del dinamismo y la cooperaci\u00f3n del municipio. <a class=\"mh-excerpt-more\" href=\"https:\/\/www.tucomarca.com\/wordpress\/segunda\/fotogaleria-chiva-reune-al-comercio-local-en-su-primera-feria-de-comercio-y-asociaciones\/\" title=\"Fotogaler\u00eda: Chiva re\u00fane al comercio local en su primera Feria de Comercio y Asociaciones\">[+] <\/a><\/div>\n","protected":false},"author":12,"featured_media":239183,"comment_status":"open","ping_status":"open","sticky":false,"template":"","format":"gallery","meta":{"footnotes":""},"categories":[16,8,10,7,3,45],"tags":[10384,5952],"class_list":{"0":"post-239172","1":"post","2":"type-post","3":"status-publish","4":"format-gallery","5":"has-post-thumbnail","7":"category-chiva","8":"category-la-comarca","9":"category-la-hoya","10":"category-ocio-y-cultura","11":"category-seccion","12":"category-ventana","13":"tag-chiva","14":"tag-la-hoya-de-bunol-chiva","15":"post_format-post-format-gallery"},"_links":{"self":[{"href":"https:\/\/www.tucomarca.com\/wordpress\/segunda\/wp-json\/wp\/v2\/posts\/239172","targetHints":{"allow":["GET"]}}],"collection":[{"href":"https:\/\/www.tucomarca.com\/wordpress\/segunda\/wp-json\/wp\/v2\/posts"}],"about":[{"href":"https:\/\/www.tucomarca.com\/wordpress\/segunda\/wp-json\/wp\/v2\/types\/post"}],"author":[{"embeddable":true,"href":"https:\/\/www.tucomarca.com\/wordpress\/segunda\/wp-json\/wp\/v2\/users\/12"}],"replies":[{"embeddable":true,"href":"https:\/\/www.tucomarca.com\/wordpress\/segunda\/wp-json\/wp\/v2\/comments?post=239172"}],"version-history":[{"count":0,"href":"https:\/\/www.tucomarca.com\/wordpress\/segunda\/wp-json\/wp\/v2\/posts\/239172\/revisions"}],"wp:featuredmedia":[{"embeddable":true,"href":"https:\/\/www.tucomarca.com\/wordpress\/segunda\/wp-json\/wp\/v2\/media\/239183"}],"wp:attachment":[{"href":"https:\/\/www.tucomarca.com\/wordpress\/segunda\/wp-json\/wp\/v2\/media?parent=239172"}],"wp:term":[{"taxonomy":"category","embeddable":true,"href":"https:\/\/www.tucomarca.com\/wordpress\/segunda\/wp-json\/wp\/v2\/categories?post=239172"},{"taxonomy":"post_tag","embeddable":true,"href":"https:\/\/www.tucomarca.com\/wordpress\/segunda\/wp-json\/wp\/v2\/tags?post=239172"}],"curies":[{"name":"wp","href":"https:\/\/api.w.org\/{rel}","templated":true}]}}