{"id":239267,"date":"2024-10-07T13:15:00","date_gmt":"2024-10-07T11:15:00","guid":{"rendered":"https:\/\/www.tucomarca.com\/wordpress\/segunda\/?p=239267"},"modified":"2024-10-07T21:15:48","modified_gmt":"2024-10-07T19:15:48","slug":"bunol-celebra-el-dia-de-la-comunitat-valenciana-con-el-evento-torna-la-llum","status":"publish","type":"post","link":"https:\/\/www.tucomarca.com\/wordpress\/segunda\/bunol-celebra-el-dia-de-la-comunitat-valenciana-con-el-evento-torna-la-llum\/","title":{"rendered":"Bu\u00f1ol celebra el D\u00eda de la Comunitat Valenciana con el evento \u201cTorna la llum\u201d"},"content":{"rendered":"<div class=\"wp-block-image\">\n<figure class=\"alignleft size-large is-resized\"><img loading=\"lazy\" decoding=\"async\" width=\"576\" height=\"1024\" src=\"https:\/\/www.tucomarca.com\/wordpress\/segunda\/wp-content\/uploads\/2024\/10\/BunolTornalaLlum-576x1024.jpg\" alt=\"\" class=\"wp-image-239265\" style=\"width:411px;height:auto\" srcset=\"https:\/\/www.tucomarca.com\/wordpress\/segunda\/wp-content\/uploads\/2024\/10\/BunolTornalaLlum-576x1024.jpg 576w, https:\/\/www.tucomarca.com\/wordpress\/segunda\/wp-content\/uploads\/2024\/10\/BunolTornalaLlum-169x300.jpg 169w, https:\/\/www.tucomarca.com\/wordpress\/segunda\/wp-content\/uploads\/2024\/10\/BunolTornalaLlum-768x1365.jpg 768w, https:\/\/www.tucomarca.com\/wordpress\/segunda\/wp-content\/uploads\/2024\/10\/BunolTornalaLlum-864x1536.jpg 864w, https:\/\/www.tucomarca.com\/wordpress\/segunda\/wp-content\/uploads\/2024\/10\/BunolTornalaLlum.jpg 886w\" sizes=\"auto, (max-width: 576px) 100vw, 576px\" \/><\/figure>\n<\/div>\n\n\n<p>El Ayuntamiento de Bu\u00f1ol celebra este martes, 8 de octubre, el D\u00eda de la Comunitat Valenciana con el evento \u201cTorna la llum\u201d, que se llevar\u00e1 a cabo a partir de las 18,00 horas en la Avenida Rafael Ridaura. <\/p>\n\n\n\n<p>La tarde promete ser inolvidable, con actividades pensadas para toda la familia.<\/p>\n\n\n\n<p>La jornada comenzar\u00e1 con gincanas organizadas por el campamento La Serrana para los m\u00e1s peque\u00f1os. A las 19,00 h. se sumar\u00e1n nuevas atracciones, como el toro mec\u00e1nico y un castillo hinchable, adem\u00e1s de disfrutar del tradicional puesto de churros con chocolate y las deliciosas cenas ofrecidas por La Martica.<\/p>\n\n\n\n<p>El broche de oro del d\u00eda ser\u00e1 una espectacular masclet\u00e0 nocturna a las 23,00 horas, que iluminar\u00e1 toda la avenida, cerrando una tarde repleta de diversi\u00f3n y entretenimiento para vecinos y visitantes.<\/p>\n","protected":false},"excerpt":{"rendered":"<div class=\"mh-excerpt\">El Ayuntamiento de Bu\u00f1ol celebra este martes, 8 de octubre, el D\u00eda de la Comunitat Valenciana con el evento \u201cTorna la llum\u201d, que se llevar\u00e1 a cabo a partir de las 18,00 horas en la <a class=\"mh-excerpt-more\" href=\"https:\/\/www.tucomarca.com\/wordpress\/segunda\/bunol-celebra-el-dia-de-la-comunitat-valenciana-con-el-evento-torna-la-llum\/\" title=\"Bu\u00f1ol celebra el D\u00eda de la Comunitat Valenciana con el evento \u201cTorna la llum\u201d\">[+] <\/a><\/div>\n","protected":false},"author":12,"featured_media":239272,"comment_status":"open","ping_status":"open","sticky":false,"template":"","format":"standard","meta":{"footnotes":""},"categories":[4,18,8,10,3],"tags":[5944,10385,5952,18382],"class_list":{"0":"post-239267","1":"post","2":"type-post","3":"status-publish","4":"format-standard","5":"has-post-thumbnail","7":"category-agenda","8":"category-bunol","9":"category-la-comarca","10":"category-la-hoya","11":"category-seccion","12":"tag-9-doctubre","13":"tag-bunol","14":"tag-la-hoya-de-bunol-chiva","15":"tag-torna-la-llum"},"_links":{"self":[{"href":"https:\/\/www.tucomarca.com\/wordpress\/segunda\/wp-json\/wp\/v2\/posts\/239267","targetHints":{"allow":["GET"]}}],"collection":[{"href":"https:\/\/www.tucomarca.com\/wordpress\/segunda\/wp-json\/wp\/v2\/posts"}],"about":[{"href":"https:\/\/www.tucomarca.com\/wordpress\/segunda\/wp-json\/wp\/v2\/types\/post"}],"author":[{"embeddable":true,"href":"https:\/\/www.tucomarca.com\/wordpress\/segunda\/wp-json\/wp\/v2\/users\/12"}],"replies":[{"embeddable":true,"href":"https:\/\/www.tucomarca.com\/wordpress\/segunda\/wp-json\/wp\/v2\/comments?post=239267"}],"version-history":[{"count":0,"href":"https:\/\/www.tucomarca.com\/wordpress\/segunda\/wp-json\/wp\/v2\/posts\/239267\/revisions"}],"wp:featuredmedia":[{"embeddable":true,"href":"https:\/\/www.tucomarca.com\/wordpress\/segunda\/wp-json\/wp\/v2\/media\/239272"}],"wp:attachment":[{"href":"https:\/\/www.tucomarca.com\/wordpress\/segunda\/wp-json\/wp\/v2\/media?parent=239267"}],"wp:term":[{"taxonomy":"category","embeddable":true,"href":"https:\/\/www.tucomarca.com\/wordpress\/segunda\/wp-json\/wp\/v2\/categories?post=239267"},{"taxonomy":"post_tag","embeddable":true,"href":"https:\/\/www.tucomarca.com\/wordpress\/segunda\/wp-json\/wp\/v2\/tags?post=239267"}],"curies":[{"name":"wp","href":"https:\/\/api.w.org\/{rel}","templated":true}]}}