{"id":239322,"date":"2024-10-08T12:00:00","date_gmt":"2024-10-08T10:00:00","guid":{"rendered":"https:\/\/www.tucomarca.com\/wordpress\/segunda\/?p=239322"},"modified":"2024-10-08T12:13:50","modified_gmt":"2024-10-08T10:13:50","slug":"turis-programa-actividades-para-todos-los-publicos-durante-la-festividad-del-9-doctubre","status":"publish","type":"post","link":"https:\/\/www.tucomarca.com\/wordpress\/segunda\/turis-programa-actividades-para-todos-los-publicos-durante-la-festividad-del-9-doctubre\/","title":{"rendered":"Tur\u00eds programa actividades para todos los p\u00fablicos durante la festividad del 9 d&#8217;Octubre"},"content":{"rendered":"\n<p>El Ayuntamiento de Tur\u00eds ha programado diversas actividades para todos los p\u00fablicos durante la festividad del 9 d&#8217;Octubre que se celebra este mi\u00e9rcoles.<\/p>\n\n\n\n<p><strong>Martes, 8 de octubre<\/strong><\/p>\n\n\n\n<p>20,00 h. en la plaza Vicent Ribes, musical \u201cEl reino del le\u00f3n\u201d.<br>00,00 h. Castillo de fuegos artificiales en el campo de f\u00fatbol a cargo de Pirotecnia Tur\u00eds, y a continuaci\u00f3n discom\u00f3vil con Vicente Buitron.<\/p>\n\n\n\n<p><strong>Mi\u00e9rcoles, 9 de octubre<\/strong><\/p>\n\n\n\n<p>14,00 h. Masclet\u00e0 en la Plaza Vicent Ribes a cargo de Pirotecnia Tur\u00eds.<\/p>\n\n\n\n<p>19,00 h. Procesi\u00f3n c\u00edvica con la Real Se\u00f1era, culminando con una chocolatada para todo el pueblo. Con estas actividades, Tur\u00eds se prepara para vivir dos d\u00edas llenos de tradici\u00f3n, cultura y diversi\u00f3n, en los que toda la poblaci\u00f3n podr\u00e1 participar.<\/p>\n","protected":false},"excerpt":{"rendered":"<div class=\"mh-excerpt\">El Ayuntamiento de Tur\u00eds ha programado diversas actividades para todos los p\u00fablicos durante la festividad del 9 d&#8217;Octubre que se celebra este mi\u00e9rcoles. Martes, 8 de octubre 20,00 h. en la plaza Vicent Ribes, musical <a class=\"mh-excerpt-more\" href=\"https:\/\/www.tucomarca.com\/wordpress\/segunda\/turis-programa-actividades-para-todos-los-publicos-durante-la-festividad-del-9-doctubre\/\" title=\"Tur\u00eds programa actividades para todos los p\u00fablicos durante la festividad del 9 d&#8217;Octubre\">[+] <\/a><\/div>\n","protected":false},"author":12,"featured_media":239324,"comment_status":"open","ping_status":"open","sticky":false,"template":"","format":"standard","meta":{"footnotes":""},"categories":[4,8,42,7,3,43],"tags":[5944,10602,1407],"class_list":{"0":"post-239322","1":"post","2":"type-post","3":"status-publish","4":"format-standard","5":"has-post-thumbnail","7":"category-agenda","8":"category-la-comarca","9":"category-la-ribera","10":"category-ocio-y-cultura","11":"category-seccion","12":"category-turis","13":"tag-9-doctubre","14":"tag-ajuntament-de-turis","15":"tag-ribera-alta"},"_links":{"self":[{"href":"https:\/\/www.tucomarca.com\/wordpress\/segunda\/wp-json\/wp\/v2\/posts\/239322","targetHints":{"allow":["GET"]}}],"collection":[{"href":"https:\/\/www.tucomarca.com\/wordpress\/segunda\/wp-json\/wp\/v2\/posts"}],"about":[{"href":"https:\/\/www.tucomarca.com\/wordpress\/segunda\/wp-json\/wp\/v2\/types\/post"}],"author":[{"embeddable":true,"href":"https:\/\/www.tucomarca.com\/wordpress\/segunda\/wp-json\/wp\/v2\/users\/12"}],"replies":[{"embeddable":true,"href":"https:\/\/www.tucomarca.com\/wordpress\/segunda\/wp-json\/wp\/v2\/comments?post=239322"}],"version-history":[{"count":0,"href":"https:\/\/www.tucomarca.com\/wordpress\/segunda\/wp-json\/wp\/v2\/posts\/239322\/revisions"}],"wp:featuredmedia":[{"embeddable":true,"href":"https:\/\/www.tucomarca.com\/wordpress\/segunda\/wp-json\/wp\/v2\/media\/239324"}],"wp:attachment":[{"href":"https:\/\/www.tucomarca.com\/wordpress\/segunda\/wp-json\/wp\/v2\/media?parent=239322"}],"wp:term":[{"taxonomy":"category","embeddable":true,"href":"https:\/\/www.tucomarca.com\/wordpress\/segunda\/wp-json\/wp\/v2\/categories?post=239322"},{"taxonomy":"post_tag","embeddable":true,"href":"https:\/\/www.tucomarca.com\/wordpress\/segunda\/wp-json\/wp\/v2\/tags?post=239322"}],"curies":[{"name":"wp","href":"https:\/\/api.w.org\/{rel}","templated":true}]}}