{"id":239434,"date":"2024-10-08T15:00:00","date_gmt":"2024-10-08T13:00:00","guid":{"rendered":"https:\/\/www.tucomarca.com\/wordpress\/segunda\/?p=239434"},"modified":"2024-10-08T20:36:10","modified_gmt":"2024-10-08T18:36:10","slug":"el-ayuntamiento-e-iglesia-asuncion-de-nuestra-senora-firman-un-convenio-de-colaboracion-para-incluir-el-templo-en-los-itinerarios-turisticos-y-culturales-de-utiel","status":"publish","type":"post","link":"https:\/\/www.tucomarca.com\/wordpress\/segunda\/el-ayuntamiento-e-iglesia-asuncion-de-nuestra-senora-firman-un-convenio-de-colaboracion-para-incluir-el-templo-en-los-itinerarios-turisticos-y-culturales-de-utiel\/","title":{"rendered":"El Ayuntamiento e iglesia Asunci\u00f3n de Nuestra Se\u00f1ora firman un convenio de colaboraci\u00f3n para incluir el templo en los itinerarios tur\u00edsticos y culturales de Utiel"},"content":{"rendered":"\n<h3 class=\"wp-block-heading\">El alcalde de Utiel, Ricardo Gabald\u00f3n ha remarcado que con esta colaboraci\u00f3n, utielanos y visitantes podr\u00e1n realizar un recorrido guiado al monumento m\u00e1s representativo del patrimonio hist\u00f3rico-art\u00edstico del municipio y ha agradecido la gran labor desarrollada por el p\u00e1rroco, Agust\u00edn Alcayde\u00a0 y su contribuci\u00f3n a la comunidad.<\/h3>\n\n\n\n<h3 class=\"wp-block-heading\">El cura p\u00e1rroco de la Iglesia Asunci\u00f3n de Nuestra Se\u00f1ora de Utiel, Agust\u00edn Alcayde, ha mostrado su satisfacci\u00f3n porque el templo tambi\u00e9n abra sus puertas a la ciudadan\u00eda fuera del horario establecido para los actos de culto y se contribuya a difundir la trascendencia de esta joya del g\u00f3tico tard\u00edo.<\/h3>\n\n\n<div class=\"wp-block-image\">\n<figure class=\"alignleft size-large is-resized\"><img loading=\"lazy\" decoding=\"async\" width=\"1024\" height=\"768\" src=\"https:\/\/www.tucomarca.com\/wordpress\/segunda\/wp-content\/uploads\/2024\/10\/ConvenioIglesiaUtiel02-1024x768.jpeg\" alt=\"\" class=\"wp-image-239439\" style=\"width:527px;height:auto\" srcset=\"https:\/\/www.tucomarca.com\/wordpress\/segunda\/wp-content\/uploads\/2024\/10\/ConvenioIglesiaUtiel02-1024x768.jpeg 1024w, https:\/\/www.tucomarca.com\/wordpress\/segunda\/wp-content\/uploads\/2024\/10\/ConvenioIglesiaUtiel02-300x225.jpeg 300w, https:\/\/www.tucomarca.com\/wordpress\/segunda\/wp-content\/uploads\/2024\/10\/ConvenioIglesiaUtiel02-768x576.jpeg 768w, https:\/\/www.tucomarca.com\/wordpress\/segunda\/wp-content\/uploads\/2024\/10\/ConvenioIglesiaUtiel02-1536x1152.jpeg 1536w, https:\/\/www.tucomarca.com\/wordpress\/segunda\/wp-content\/uploads\/2024\/10\/ConvenioIglesiaUtiel02-678x509.jpeg 678w, https:\/\/www.tucomarca.com\/wordpress\/segunda\/wp-content\/uploads\/2024\/10\/ConvenioIglesiaUtiel02-326x245.jpeg 326w, https:\/\/www.tucomarca.com\/wordpress\/segunda\/wp-content\/uploads\/2024\/10\/ConvenioIglesiaUtiel02-80x60.jpeg 80w, https:\/\/www.tucomarca.com\/wordpress\/segunda\/wp-content\/uploads\/2024\/10\/ConvenioIglesiaUtiel02.jpeg 1600w\" sizes=\"auto, (max-width: 1024px) 100vw, 1024px\" \/><\/figure>\n<\/div>\n\n\n<p>Esta ma\u00f1ana el alcalde de Utiel, Ricardo Gabald\u00f3n y el cura p\u00e1rroco de la Iglesia la Asunci\u00f3n de Nuestra Se\u00f1ora de Utiel, Agust\u00edn Alcayde, han firmado un convenio de colaboraci\u00f3n para incluir el monumento en los itinerarios tur\u00edsticos y culturales del municipio&nbsp;<\/p>\n\n\n\n<p>Con la firma de este convenio tanto utielanos como visitantes podr\u00e1n realizar visitas tur\u00edsticas al monumento m\u00e1s relevante del municipio, declarado en 2008 Bien de Inter\u00e9s Cultural (BIC) y que ha contado con una rehabilitaci\u00f3n integral desarrollada en 3 fases con una inversi\u00f3n cercana a los 3 millones de euros.<\/p>\n\n\n\n<p>El acto se ha celebrado en el sal\u00f3n de plenos y ha contado con una nutrida representaci\u00f3n de entidades y asociaciones del municipio. Tras la firma del convenio y las intervenciones, el alcalde de Utiel ha entregado al cura p\u00e1rroco como recuerdo y muestra de agradecimiento un cuadro que ilustra la bajada en romer\u00eda de la Virgen del Remedio de Utiel, obra original del pintor utielano Pedro S\u00e1ez Murciano.<\/p>\n\n\n\n<p>El alcalde de Utiel, Ricardo Gabald\u00f3n ha remarcado que \u201ccon esta colaboraci\u00f3n, tanto utielanos como visitantes acceder\u00e1n al monumento m\u00e1s representativo del patrimonio hist\u00f3rico-art\u00edstico del municipio y tendr\u00e1n la oportunidad de conocer de forma guiada los aspectos m\u00e1s destacados de nuestro templo recientemente restaurado. Quiero agradecer la gran labor que se ha desarrollado en la rehabilitaci\u00f3n del templo y en particular la dedicaci\u00f3n de nuestro p\u00e1rroco D. Agust\u00edn Alcayde durante 13 a\u00f1os tanto para que nos sinti\u00e9ramos parte de esta comunidad\u201d<\/p>\n\n\n\n<p>El cura p\u00e1rroco de la Iglesia Asunci\u00f3n de Nuestra Se\u00f1ora de Utiel, Agust\u00edn Alcayde ha mostrado su satisfacci\u00f3n porque a trav\u00e9s de este convenio \u201cel templo tambi\u00e9n abre sus puertas a la ciudadan\u00eda fuera del horario establecido para los actos de culto y de este modo se contribuye a difundir la trascendencia de nuestro templo. \u201cDespu\u00e9s de la obra que se ha ejecutado, era necesaria la puesta en marcha de estas visitas guiadas para ense\u00f1ar el tesoro escondido de nuestro templo. Los que vienen a visitar el pueblo ven la iglesia por fuera y les llama la atenci\u00f3n, pero especialmente se maravillan cuando entran y descubren el maravilloso g\u00f3tico que esconde \u201capuntaba el p\u00e1rroco de Utiel.<\/p>\n\n\n\n<p><strong>La Iglesia Parroquial de Utiel incluida en itinerario cultural y tur\u00edstico del municipio<\/strong><\/p>\n\n\n\n<p>Con este convenio, los visitantes descubrir\u00e1n el gran valor hist\u00f3rico y patrimonial de este templo g\u00f3tico del siglo XVI que, despu\u00e9s de doce a\u00f1os, reabr\u00eda al p\u00fablico el pasado 15 de agosto tras una rehabilitaci\u00f3n integral.<\/p>\n\n\n\n<p>As\u00ed, a partir de ahora, el monumento pasa a formar parte de los itinerarios culturales y tur\u00edsticos del Ayuntamiento de Utiel coordinados por la Oficina de Turismo de Utiel.&nbsp;<\/p>\n\n\n\n<p>El templo data del siglo XVI, del g\u00f3tico meridional o mediterr\u00e1neo tard\u00edo- y tiene \u201cproporciones catedralicias\u201d, ya que su anchura es igual a la de la Catedral de Valencia. Su caracter\u00edstica m\u00e1s singular es su b\u00f3veda principal de siete nervios, que se eleva a una altura de 23 metros, es de crucer\u00eda y presenta diversos elementos propios del g\u00f3tico tard\u00edo, como las nervaduras torsas que tienen su arranque en pilares de id\u00e9ntica traza adosados a los contrafuertes.<\/p>\n\n\n\n<figure class=\"wp-block-image size-large\"><img loading=\"lazy\" decoding=\"async\" width=\"1024\" height=\"768\" src=\"https:\/\/www.tucomarca.com\/wordpress\/segunda\/wp-content\/uploads\/2024\/10\/ConvenioIglesiaUtiel03-1024x768.jpg\" alt=\"\" class=\"wp-image-239441\" srcset=\"https:\/\/www.tucomarca.com\/wordpress\/segunda\/wp-content\/uploads\/2024\/10\/ConvenioIglesiaUtiel03-1024x768.jpg 1024w, https:\/\/www.tucomarca.com\/wordpress\/segunda\/wp-content\/uploads\/2024\/10\/ConvenioIglesiaUtiel03-300x225.jpg 300w, https:\/\/www.tucomarca.com\/wordpress\/segunda\/wp-content\/uploads\/2024\/10\/ConvenioIglesiaUtiel03-768x576.jpg 768w, https:\/\/www.tucomarca.com\/wordpress\/segunda\/wp-content\/uploads\/2024\/10\/ConvenioIglesiaUtiel03-1536x1152.jpg 1536w, https:\/\/www.tucomarca.com\/wordpress\/segunda\/wp-content\/uploads\/2024\/10\/ConvenioIglesiaUtiel03-678x509.jpg 678w, https:\/\/www.tucomarca.com\/wordpress\/segunda\/wp-content\/uploads\/2024\/10\/ConvenioIglesiaUtiel03-326x245.jpg 326w, https:\/\/www.tucomarca.com\/wordpress\/segunda\/wp-content\/uploads\/2024\/10\/ConvenioIglesiaUtiel03-80x60.jpg 80w, https:\/\/www.tucomarca.com\/wordpress\/segunda\/wp-content\/uploads\/2024\/10\/ConvenioIglesiaUtiel03.jpg 1600w\" sizes=\"auto, (max-width: 1024px) 100vw, 1024px\" \/><\/figure>\n","protected":false},"excerpt":{"rendered":"<div class=\"mh-excerpt\">El alcalde de Utiel, Ricardo Gabald\u00f3n ha remarcado que con esta colaboraci\u00f3n, utielanos y visitantes podr\u00e1n realizar un recorrido guiado al monumento m\u00e1s representativo del patrimonio hist\u00f3rico-art\u00edstico del municipio y ha agradecido la gran labor <a class=\"mh-excerpt-more\" href=\"https:\/\/www.tucomarca.com\/wordpress\/segunda\/el-ayuntamiento-e-iglesia-asuncion-de-nuestra-senora-firman-un-convenio-de-colaboracion-para-incluir-el-templo-en-los-itinerarios-turisticos-y-culturales-de-utiel\/\" title=\"El Ayuntamiento e iglesia Asunci\u00f3n de Nuestra Se\u00f1ora firman un convenio de colaboraci\u00f3n para incluir el templo en los itinerarios tur\u00edsticos y culturales de Utiel\">[+] <\/a><\/div>\n","protected":false},"author":13,"featured_media":239437,"comment_status":"open","ping_status":"open","sticky":false,"template":"","format":"gallery","meta":{"footnotes":""},"categories":[8,7,27,3,29],"tags":[15855,10387,10389],"class_list":{"0":"post-239434","1":"post","2":"type-post","3":"status-publish","4":"format-gallery","5":"has-post-thumbnail","7":"category-la-comarca","8":"category-ocio-y-cultura","9":"category-requena-utiel","10":"category-seccion","11":"category-utiel","12":"tag-ocio-y-cultura","13":"tag-requena-utiel","14":"tag-utiel","15":"post_format-post-format-gallery"},"_links":{"self":[{"href":"https:\/\/www.tucomarca.com\/wordpress\/segunda\/wp-json\/wp\/v2\/posts\/239434","targetHints":{"allow":["GET"]}}],"collection":[{"href":"https:\/\/www.tucomarca.com\/wordpress\/segunda\/wp-json\/wp\/v2\/posts"}],"about":[{"href":"https:\/\/www.tucomarca.com\/wordpress\/segunda\/wp-json\/wp\/v2\/types\/post"}],"author":[{"embeddable":true,"href":"https:\/\/www.tucomarca.com\/wordpress\/segunda\/wp-json\/wp\/v2\/users\/13"}],"replies":[{"embeddable":true,"href":"https:\/\/www.tucomarca.com\/wordpress\/segunda\/wp-json\/wp\/v2\/comments?post=239434"}],"version-history":[{"count":0,"href":"https:\/\/www.tucomarca.com\/wordpress\/segunda\/wp-json\/wp\/v2\/posts\/239434\/revisions"}],"wp:featuredmedia":[{"embeddable":true,"href":"https:\/\/www.tucomarca.com\/wordpress\/segunda\/wp-json\/wp\/v2\/media\/239437"}],"wp:attachment":[{"href":"https:\/\/www.tucomarca.com\/wordpress\/segunda\/wp-json\/wp\/v2\/media?parent=239434"}],"wp:term":[{"taxonomy":"category","embeddable":true,"href":"https:\/\/www.tucomarca.com\/wordpress\/segunda\/wp-json\/wp\/v2\/categories?post=239434"},{"taxonomy":"post_tag","embeddable":true,"href":"https:\/\/www.tucomarca.com\/wordpress\/segunda\/wp-json\/wp\/v2\/tags?post=239434"}],"curies":[{"name":"wp","href":"https:\/\/api.w.org\/{rel}","templated":true}]}}