{"id":239456,"date":"2024-10-09T07:00:00","date_gmt":"2024-10-09T05:00:00","guid":{"rendered":"https:\/\/www.tucomarca.com\/wordpress\/segunda\/?p=239456"},"modified":"2024-10-08T22:27:32","modified_gmt":"2024-10-08T20:27:32","slug":"generosidad-territorial-por-carlos-mazon","status":"publish","type":"post","link":"https:\/\/www.tucomarca.com\/wordpress\/segunda\/generosidad-territorial-por-carlos-mazon\/","title":{"rendered":"\u00abGenerosidad territorial\u00bb, por Carlos Maz\u00f3n"},"content":{"rendered":"<div class=\"wp-block-image\">\n<figure class=\"alignleft size-large is-resized\"><img loading=\"lazy\" decoding=\"async\" width=\"813\" height=\"1024\" src=\"https:\/\/www.tucomarca.com\/wordpress\/segunda\/wp-content\/uploads\/2024\/10\/CarlosMazon-813x1024.jpg\" alt=\"\" class=\"wp-image-239461\" style=\"width:362px;height:auto\" srcset=\"https:\/\/www.tucomarca.com\/wordpress\/segunda\/wp-content\/uploads\/2024\/10\/CarlosMazon-813x1024.jpg 813w, https:\/\/www.tucomarca.com\/wordpress\/segunda\/wp-content\/uploads\/2024\/10\/CarlosMazon-238x300.jpg 238w, https:\/\/www.tucomarca.com\/wordpress\/segunda\/wp-content\/uploads\/2024\/10\/CarlosMazon-768x967.jpg 768w, https:\/\/www.tucomarca.com\/wordpress\/segunda\/wp-content\/uploads\/2024\/10\/CarlosMazon-1219x1536.jpg 1219w, https:\/\/www.tucomarca.com\/wordpress\/segunda\/wp-content\/uploads\/2024\/10\/CarlosMazon.jpg 1567w\" sizes=\"auto, (max-width: 813px) 100vw, 813px\" \/><\/figure>\n<\/div>\n\n\n<p>Que los ciudadanos de la Comunitat Valenciana somos generosos y estamos pendientes de los dem\u00e1s es algo que hemos demostrado a lo largo de la Historia. El primer hospital del mundo para enfermos mentales fue fundado en Val\u00e8ncia el siglo XIV por el padre Jofr\u00e9. La misi\u00f3n humanitaria m\u00e1s importante de todos los tiempos fue la propagaci\u00f3n de la vacuna de la viruela a Am\u00e9rica y Asia y la realiz\u00f3 el m\u00e9dico alicantino Francisco Javier de Balmis en el siglo XIX.<\/p>\n\n\n\n<p>En el d\u00eda de la Comunitat Valenciana he querido recordar estos dos ejemplos que demuestran el car\u00e1cter altruista de esta tierra. Nadie puede poner en duda la sensibilidad humana de los alicantinos, castellonenses y valencianos. Ni antes ni ahora.<\/p>\n\n\n\n<p>Hemos sido, somos y seremos solidarios.&nbsp;<\/p>\n\n\n\n<p>Vivir en la Comunitat Valenciana es una suerte y formar parte de Espa\u00f1a un orgullo. No nos gustan los lindes pol\u00edticos, esos que a\u00edslan a los territorios y producen diferencias entre los ciudadanos de un mismo pa\u00eds.&nbsp; &nbsp;<\/p>\n\n\n\n<p>Derechos para todos y respeto hacia todos porque todos somos iguales ante una Constituci\u00f3n que as\u00ed lo reconoce por mucho que algunos quieran pervertirla.&nbsp;<\/p>\n\n\n\n<p>Ni puede ni debe un espa\u00f1ol tener m\u00e1s privilegios que otro. Ni puedo ni debo tolerar que los valencianos no tengan las mismas oportunidades que el resto de los espa\u00f1oles.&nbsp;<\/p>\n\n\n\n<p>Este pueblo da cuando se le requiere y por el mismo motivo pide cuando tiene necesidad. Tenemos necesidad de una financiaci\u00f3n equitativa para nuestros servicios p\u00fablicos. Demasiado tiempo arrastrando la indolencia del Gobierno central, que, en los \u00faltimos a\u00f1os, encima gobierna con favoritismos incitando la discordia entre las comunidades aut\u00f3nomas.&nbsp;<\/p>\n\n\n\n<p>Reivindicamos con raz\u00f3n. Con argumentos y datos.&nbsp; En el \u00faltimo a\u00f1o hemos aportado empleo y riqueza. Somos la regi\u00f3n que ha generado m\u00e1s empleo con la incorporaci\u00f3n de 97.600 personas al mercado laboral, hemos creado 7.053 nuevas empresas y suscitamos confianza en los inversores extranjeros.&nbsp;<\/p>\n\n\n\n<p>A cambio, nos devuelven desd\u00e9n. Espa\u00f1a debe a la Comunitat Valenciana 4.500 millones de euros en pol\u00edticas sociales y los valencianos recibimos 276 euros menos por habitante que la media del resto de autonom\u00edas. Eso no es justo y exigimos que la generosidad territorial sea bidireccional entre el Estado y la Comunitat Valenciana.&nbsp;<\/p>\n\n\n\n<p>El actual Consell saca el m\u00e1ximo rendimiento de los recursos financieros de los que disponemos y atendemos con diligencia todas las \u00e1reas de gesti\u00f3n. En el camino hemos marcado las se\u00f1ales por las que han de transcurrir las pol\u00edticas que mejorar\u00e1n la calidad de vida de los habitantes. Ya hay m\u00e1s deducciones fiscales y menos impuestos para las rentas bajas y medias; ya se ha dotado a los hospitales de m\u00e1s tecnolog\u00eda para prevenir, detectar y curar enfermedades y se han reducido las listas de espera sanitarias; ya existe libertad educativa para escoger la escuela de nuestros hijos y es una realidad la gratuidad de la educaci\u00f3n de 0 a 3 a\u00f1os; ya se vuelven a hacer las pruebas contra la prevenci\u00f3n del c\u00e1ncer de mama a todas las mujeres y hemos vuelto a pagar la renta valenciana de inserci\u00f3n y a crear plazas en las residencias de mayores. La sanidad, junto con la educaci\u00f3n, es lo que m\u00e1s importa a este gobierno.<\/p>\n\n\n\n<p>No olvidamos a nuestros j\u00f3venes, con la bonificaci\u00f3n a la adquisici\u00f3n de su primera vivienda para que puedan iniciar el proyecto de vida que deseen, ni a los emprendedores, a los que ayudamos con microcr\u00e9ditos para que despeguen sus empresas.&nbsp;<\/p>\n\n\n\n<p>Somos una regi\u00f3n rica en talento y caudalosa en creatividad, con una ambici\u00f3n moderada que nos permite progresar en un pa\u00eds que nos hace m\u00e1s fuertes si sumamos y nos debilita si dividimos.&nbsp;<\/p>\n\n\n\n<p>Hay metas que solo se conseguir\u00e1n si trabajamos en colaboraci\u00f3n: la redistribuci\u00f3n h\u00eddrica, el Corredor Mediterr\u00e1neo, la financiaci\u00f3n o la atenci\u00f3n de la migraci\u00f3n son algunos de los asuntos que requieren consenso.&nbsp;<\/p>\n\n\n\n<p>Este es un pueblo paciente, dialogante y capaz de llegar a acuerdos siempre y cuando se respete nuestro autogobierno, nuestro Estatuto de Autonom\u00eda y la Constituci\u00f3n Espa\u00f1ola, que son normas perfectamente compatibles y sincronizadas.&nbsp;<\/p>\n\n\n\n<p>En el 9 d\u2019Octubre, los valencianos queremos trasladar al resto de espa\u00f1oles que queremos avanzar juntos en un pa\u00eds unido, que no queremos diferencias en obligaciones ni derechos y que las \u00fanicas singularidades que admitimos son las que nos otorga nuestra cultura y nuestra lengua.&nbsp;<\/p>\n","protected":false},"excerpt":{"rendered":"<div class=\"mh-excerpt\">Que los ciudadanos de la Comunitat Valenciana somos generosos y estamos pendientes de los dem\u00e1s es algo que hemos demostrado a lo largo de la Historia. El primer hospital del mundo para enfermos mentales fue <a class=\"mh-excerpt-more\" href=\"https:\/\/www.tucomarca.com\/wordpress\/segunda\/generosidad-territorial-por-carlos-mazon\/\" title=\"\u00abGenerosidad territorial\u00bb, por Carlos Maz\u00f3n\">[+] <\/a><\/div>\n","protected":false},"author":13,"featured_media":239459,"comment_status":"open","ping_status":"open","sticky":false,"template":"","format":"standard","meta":{"footnotes":""},"categories":[128,8,72,30,90,142,3,45],"tags":[18806,2142,55,32,747],"class_list":{"0":"post-239456","1":"post","2":"type-post","3":"status-publish","4":"format-standard","5":"has-post-thumbnail","7":"category-infraestructuras","8":"category-la-comarca","9":"category-sin-categorizar","10":"category-opinion","11":"category-opinion-opinion","12":"category-politica-la-comarca","13":"category-seccion","14":"category-ventana","15":"tag-carlos-mazon","16":"tag-la-comunitat","17":"tag-opinion-3","18":"tag-politica","19":"tag-presidente"},"_links":{"self":[{"href":"https:\/\/www.tucomarca.com\/wordpress\/segunda\/wp-json\/wp\/v2\/posts\/239456","targetHints":{"allow":["GET"]}}],"collection":[{"href":"https:\/\/www.tucomarca.com\/wordpress\/segunda\/wp-json\/wp\/v2\/posts"}],"about":[{"href":"https:\/\/www.tucomarca.com\/wordpress\/segunda\/wp-json\/wp\/v2\/types\/post"}],"author":[{"embeddable":true,"href":"https:\/\/www.tucomarca.com\/wordpress\/segunda\/wp-json\/wp\/v2\/users\/13"}],"replies":[{"embeddable":true,"href":"https:\/\/www.tucomarca.com\/wordpress\/segunda\/wp-json\/wp\/v2\/comments?post=239456"}],"version-history":[{"count":0,"href":"https:\/\/www.tucomarca.com\/wordpress\/segunda\/wp-json\/wp\/v2\/posts\/239456\/revisions"}],"wp:featuredmedia":[{"embeddable":true,"href":"https:\/\/www.tucomarca.com\/wordpress\/segunda\/wp-json\/wp\/v2\/media\/239459"}],"wp:attachment":[{"href":"https:\/\/www.tucomarca.com\/wordpress\/segunda\/wp-json\/wp\/v2\/media?parent=239456"}],"wp:term":[{"taxonomy":"category","embeddable":true,"href":"https:\/\/www.tucomarca.com\/wordpress\/segunda\/wp-json\/wp\/v2\/categories?post=239456"},{"taxonomy":"post_tag","embeddable":true,"href":"https:\/\/www.tucomarca.com\/wordpress\/segunda\/wp-json\/wp\/v2\/tags?post=239456"}],"curies":[{"name":"wp","href":"https:\/\/api.w.org\/{rel}","templated":true}]}}