{"id":239890,"date":"2024-10-14T09:15:00","date_gmt":"2024-10-14T07:15:00","guid":{"rendered":"https:\/\/www.tucomarca.com\/wordpress\/segunda\/?p=239890"},"modified":"2024-10-14T23:18:50","modified_gmt":"2024-10-14T21:18:50","slug":"el-ayuntamiento-de-bunol-retoma-el-servicio-de-ludoteca-municipal-para-menores-de-16-anos-tras-el-patron-veraniego","status":"publish","type":"post","link":"https:\/\/www.tucomarca.com\/wordpress\/segunda\/el-ayuntamiento-de-bunol-retoma-el-servicio-de-ludoteca-municipal-para-menores-de-16-anos-tras-el-patron-veraniego\/","title":{"rendered":"El Ayuntamiento de Bu\u00f1ol retoma el servicio de ludoteca municipal para menores de 16 a\u00f1os tras el par\u00f3n veraniego"},"content":{"rendered":"\n<p>La Ludoteca Municipal arranca de nuevo gracias a \u201cBu\u00f1ol concilia\u201d y dentro del Plan Corresponsables de la Secretar\u00eda de Estado de Igualdad y contra la Violencia de G\u00e9nero del Ministerio de Igualdad. El objetivo es el de favorecer la conciliaci\u00f3n de las familias con ni\u00f1os\/as y j\u00f3venes menores de 16 a\u00f1os desde un enfoque de igualdad entre hombres y mujeres.<\/p>\n\n\n\n<p>El Ayuntamiento de Bu\u00f1ol contin\u00faa ofreciendo el servicio de Ludoteca Municipal para menores de 16 a\u00f1os. Est\u00e1 destinado a menores, desde los 4 a\u00f1os o que los cumplan en este 2024, hasta j\u00f3venes de 16 a\u00f1os, empadronados en la localidad y cuyas familias necesiten de este servicio de Ludoteca para conciliar la vida laboral y familiar. Est\u00e1 dentro del Plan Bu\u00f1ol Concilia.<br>Este servicio pretende cumplir las medidas necesarias de seguridad y salud atendiendo a 30 menores\/d\u00eda. Los objetivos son: Conforme a lo establecido dentro del Plan Corresponsables. La Ludoteca Municipal de Bu\u00f1ol se marcar\u00e1 los siguientes objetivos:<\/p>\n\n\n\n<ul class=\"wp-block-list\">\n<li>Favorecer la Conciliaci\u00f3n Familiar<\/li>\n\n\n\n<li>Ofrecer cuidado profesional y alternativa educativa enriquecedora.<\/li>\n\n\n\n<li>Atender a la diversidad, integraci\u00f3n y convivencia.<\/li>\n\n\n\n<li>Fomentar el desarrollo personal y la integraci\u00f3n entre iguales.<\/li>\n\n\n\n<li>Apoyar la aparici\u00f3n de relaciones personales fuera de la educaci\u00f3n formal.<\/li>\n\n\n\n<li>Adquirir valores como trabajo en equipo, colaboraci\u00f3n y el respeto.<\/li>\n<\/ul>\n\n\n\n<p>Como siempre se est\u00e1 desarrollando en el Antiguo Instituto de Bu\u00f1ol, situado en la Avenida Rafael Ridaura n\u00famero 13 de lunes a jueves de 15:30h a 19:30h y los Viernes de 15.00h a 19.00h. La Ludoteca Municipal se lleva a cabo a trav\u00e9s del plan Bu\u00f1ol Concilia, que a su vez forma parte del Plan Corresponsables del Gobierno Central. En este 2024 se han desarrollado diversos proyectos con gran \u00e9xito de participaci\u00f3n y asistencia: Escuela de Pascua, Escuela Estival Deportiva, Ludoteca Municipal y Escuela de Navidad.<\/p>\n","protected":false},"excerpt":{"rendered":"<div class=\"mh-excerpt\">La Ludoteca Municipal arranca de nuevo gracias a \u201cBu\u00f1ol concilia\u201d y dentro del Plan Corresponsables de la Secretar\u00eda de Estado de Igualdad y contra la Violencia de G\u00e9nero del Ministerio de Igualdad. El objetivo es <a class=\"mh-excerpt-more\" href=\"https:\/\/www.tucomarca.com\/wordpress\/segunda\/el-ayuntamiento-de-bunol-retoma-el-servicio-de-ludoteca-municipal-para-menores-de-16-anos-tras-el-patron-veraniego\/\" title=\"El Ayuntamiento de Bu\u00f1ol retoma el servicio de ludoteca municipal para menores de 16 a\u00f1os tras el par\u00f3n veraniego\">[+] <\/a><\/div>\n","protected":false},"author":12,"featured_media":239892,"comment_status":"open","ping_status":"open","sticky":false,"template":"","format":"standard","meta":{"footnotes":""},"categories":[4,18,128,8,10,142,3],"tags":[10385,5952,16540],"class_list":{"0":"post-239890","1":"post","2":"type-post","3":"status-publish","4":"format-standard","5":"has-post-thumbnail","7":"category-agenda","8":"category-bunol","9":"category-infraestructuras","10":"category-la-comarca","11":"category-la-hoya","12":"category-politica-la-comarca","13":"category-seccion","14":"tag-bunol","15":"tag-la-hoya-de-bunol-chiva","16":"tag-ludoteca-municipal"},"_links":{"self":[{"href":"https:\/\/www.tucomarca.com\/wordpress\/segunda\/wp-json\/wp\/v2\/posts\/239890","targetHints":{"allow":["GET"]}}],"collection":[{"href":"https:\/\/www.tucomarca.com\/wordpress\/segunda\/wp-json\/wp\/v2\/posts"}],"about":[{"href":"https:\/\/www.tucomarca.com\/wordpress\/segunda\/wp-json\/wp\/v2\/types\/post"}],"author":[{"embeddable":true,"href":"https:\/\/www.tucomarca.com\/wordpress\/segunda\/wp-json\/wp\/v2\/users\/12"}],"replies":[{"embeddable":true,"href":"https:\/\/www.tucomarca.com\/wordpress\/segunda\/wp-json\/wp\/v2\/comments?post=239890"}],"version-history":[{"count":0,"href":"https:\/\/www.tucomarca.com\/wordpress\/segunda\/wp-json\/wp\/v2\/posts\/239890\/revisions"}],"wp:featuredmedia":[{"embeddable":true,"href":"https:\/\/www.tucomarca.com\/wordpress\/segunda\/wp-json\/wp\/v2\/media\/239892"}],"wp:attachment":[{"href":"https:\/\/www.tucomarca.com\/wordpress\/segunda\/wp-json\/wp\/v2\/media?parent=239890"}],"wp:term":[{"taxonomy":"category","embeddable":true,"href":"https:\/\/www.tucomarca.com\/wordpress\/segunda\/wp-json\/wp\/v2\/categories?post=239890"},{"taxonomy":"post_tag","embeddable":true,"href":"https:\/\/www.tucomarca.com\/wordpress\/segunda\/wp-json\/wp\/v2\/tags?post=239890"}],"curies":[{"name":"wp","href":"https:\/\/api.w.org\/{rel}","templated":true}]}}