{"id":240134,"date":"2024-10-18T08:10:00","date_gmt":"2024-10-18T06:10:00","guid":{"rendered":"https:\/\/www.tucomarca.com\/wordpress\/segunda\/?p=240134"},"modified":"2024-10-17T21:55:46","modified_gmt":"2024-10-17T19:55:46","slug":"bunol-presentara-cinco-minutos-en-la-sala-el-mercado-el-25-de-octubre-dentro-de-la-agenda-cultura-bunol-actua","status":"publish","type":"post","link":"https:\/\/www.tucomarca.com\/wordpress\/segunda\/bunol-presentara-cinco-minutos-en-la-sala-el-mercado-el-25-de-octubre-dentro-de-la-agenda-cultura-bunol-actua\/","title":{"rendered":"Bu\u00f1ol presentar\u00e1 &#8216;Cinco Minutos&#8217; en la Sala El Mercado el 25 de octubre dentro de la agenda cultura Bu\u00f1ol Act\u00faa"},"content":{"rendered":"<div class=\"wp-block-image\">\n<figure class=\"alignleft size-large is-resized\"><img loading=\"lazy\" decoding=\"async\" width=\"724\" height=\"1024\" src=\"https:\/\/www.tucomarca.com\/wordpress\/segunda\/wp-content\/uploads\/2024\/10\/TeatroCincoMinutos-724x1024.jpg\" alt=\"\" class=\"wp-image-240136\" style=\"width:441px;height:auto\" srcset=\"https:\/\/www.tucomarca.com\/wordpress\/segunda\/wp-content\/uploads\/2024\/10\/TeatroCincoMinutos-724x1024.jpg 724w, https:\/\/www.tucomarca.com\/wordpress\/segunda\/wp-content\/uploads\/2024\/10\/TeatroCincoMinutos-212x300.jpg 212w, https:\/\/www.tucomarca.com\/wordpress\/segunda\/wp-content\/uploads\/2024\/10\/TeatroCincoMinutos-768x1086.jpg 768w, https:\/\/www.tucomarca.com\/wordpress\/segunda\/wp-content\/uploads\/2024\/10\/TeatroCincoMinutos.jpg 886w\" sizes=\"auto, (max-width: 724px) 100vw, 724px\" \/><\/figure>\n<\/div>\n\n\n<p>El pr\u00f3ximo viernes 25 de octubre de 2024, a las 20,00 h, la compa\u00f1\u00eda Bramant Teatre presentar\u00e1 su obra \u00abCinco Minutos\u00bb en la Sala El Mercado. Las entradas estar\u00e1n disponibles en taquilla por 8\u20ac, con un aforo limitado a 75 espectadores. Este evento es organizado por la concejal\u00eda de Cultura en colaboraci\u00f3n con el Circuit Cultural Valenci\u00e0.<br>La obra cuenta con la destacada actuaci\u00f3n de Laura Useleti, nominada a Mejor Actriz por su papel en \u00abCinco Minutos\u00bb en los Premios de las Artes Esc\u00e9nicas Valencianas 2024, cuya entrega ser\u00e1 el 4 de noviembre en el Teatro Principal de Valencia.<\/p>\n\n\n\n<p><strong>Cinco Minutos\u2028<\/strong><\/p>\n\n\n\n<p>La se\u00f1ora Momp\u00f3 vive en una residencia donde pasa sus d\u00edas escribiendo recuerdos en el jard\u00edn. Espera la llegada de Rosa, una joven amiga que no siempre aparece, y coincidir\u00e1 con \u00c1ngel, un enigm\u00e1tico enfermero. Aunque la amenaza de lluvias y la insistencia de \u00c1ngel en que se vaya del jard\u00edn no la convencen, Momp\u00f3 est\u00e1 decidida a esperar cinco minutos m\u00e1s para contarle a Rosa un secreto que nunca ha revelado. \u00abCinco Minutos\u00bb es una obra que invita a reflexionar sobre las etapas de la vida, abordando temas universales como la memoria, el tiempo y el envejecimiento.<\/p>\n","protected":false},"excerpt":{"rendered":"<div class=\"mh-excerpt\">El pr\u00f3ximo viernes 25 de octubre de 2024, a las 20,00 h, la compa\u00f1\u00eda Bramant Teatre presentar\u00e1 su obra \u00abCinco Minutos\u00bb en la Sala El Mercado. Las entradas estar\u00e1n disponibles en taquilla por 8\u20ac, con <a class=\"mh-excerpt-more\" href=\"https:\/\/www.tucomarca.com\/wordpress\/segunda\/bunol-presentara-cinco-minutos-en-la-sala-el-mercado-el-25-de-octubre-dentro-de-la-agenda-cultura-bunol-actua\/\" title=\"Bu\u00f1ol presentar\u00e1 &#8216;Cinco Minutos&#8217; en la Sala El Mercado el 25 de octubre dentro de la agenda cultura Bu\u00f1ol Act\u00faa\">[+] <\/a><\/div>\n","protected":false},"author":12,"featured_media":240136,"comment_status":"open","ping_status":"open","sticky":false,"template":"","format":"standard","meta":{"footnotes":""},"categories":[4,18,8,10,7,3],"tags":[13227,10385,14721,5952,21375,214],"class_list":{"0":"post-240134","1":"post","2":"type-post","3":"status-publish","4":"format-standard","5":"has-post-thumbnail","7":"category-agenda","8":"category-bunol","9":"category-la-comarca","10":"category-la-hoya","11":"category-ocio-y-cultura","12":"category-seccion","13":"tag-agenda-cultural","14":"tag-bunol","15":"tag-bunol-actua","16":"tag-la-hoya-de-bunol-chiva","17":"tag-laura-useleti","18":"tag-teatro"},"_links":{"self":[{"href":"https:\/\/www.tucomarca.com\/wordpress\/segunda\/wp-json\/wp\/v2\/posts\/240134","targetHints":{"allow":["GET"]}}],"collection":[{"href":"https:\/\/www.tucomarca.com\/wordpress\/segunda\/wp-json\/wp\/v2\/posts"}],"about":[{"href":"https:\/\/www.tucomarca.com\/wordpress\/segunda\/wp-json\/wp\/v2\/types\/post"}],"author":[{"embeddable":true,"href":"https:\/\/www.tucomarca.com\/wordpress\/segunda\/wp-json\/wp\/v2\/users\/12"}],"replies":[{"embeddable":true,"href":"https:\/\/www.tucomarca.com\/wordpress\/segunda\/wp-json\/wp\/v2\/comments?post=240134"}],"version-history":[{"count":0,"href":"https:\/\/www.tucomarca.com\/wordpress\/segunda\/wp-json\/wp\/v2\/posts\/240134\/revisions"}],"wp:featuredmedia":[{"embeddable":true,"href":"https:\/\/www.tucomarca.com\/wordpress\/segunda\/wp-json\/wp\/v2\/media\/240136"}],"wp:attachment":[{"href":"https:\/\/www.tucomarca.com\/wordpress\/segunda\/wp-json\/wp\/v2\/media?parent=240134"}],"wp:term":[{"taxonomy":"category","embeddable":true,"href":"https:\/\/www.tucomarca.com\/wordpress\/segunda\/wp-json\/wp\/v2\/categories?post=240134"},{"taxonomy":"post_tag","embeddable":true,"href":"https:\/\/www.tucomarca.com\/wordpress\/segunda\/wp-json\/wp\/v2\/tags?post=240134"}],"curies":[{"name":"wp","href":"https:\/\/api.w.org\/{rel}","templated":true}]}}