{"id":240559,"date":"2024-10-17T10:00:00","date_gmt":"2024-10-17T08:00:00","guid":{"rendered":"https:\/\/www.tucomarca.com\/wordpress\/segunda\/?p=240559"},"modified":"2024-10-17T18:13:16","modified_gmt":"2024-10-17T16:13:16","slug":"turis-entrega-los-premios-a-las-mujeres-rurales","status":"publish","type":"post","link":"https:\/\/www.tucomarca.com\/wordpress\/segunda\/turis-entrega-los-premios-a-las-mujeres-rurales\/","title":{"rendered":"Tur\u00eds entrega los premios a las mujeres rurales"},"content":{"rendered":"\n<p>Tur\u00eds vivi\u00f3 un acto emocionante con la entrega de la segunda edici\u00f3n de los Premios Mujer Rural, que se han escogido por la poblaci\u00f3n a trav\u00e9s de un proceso participativo.<\/p>\n\n\n\n<p>La Casa Museo alberg\u00f3 el acto ante una notable asistencia de p\u00fablico que super\u00f3 todas las expectativas. Valores como el emprendimiento, la tarea por la igualdad, la superaci\u00f3n o la entrega de toda una vida a mejorar el pueblo se personificaron en las cinco mujeres galardonadas.<\/p>\n\n\n\n<figure class=\"wp-block-gallery has-nested-images columns-1 is-cropped wp-block-gallery-1 is-layout-flex wp-block-gallery-is-layout-flex\">\n<figure class=\"wp-block-image size-large\"><img loading=\"lazy\" decoding=\"async\" width=\"1024\" height=\"577\" data-id=\"240563\" src=\"https:\/\/www.tucomarca.com\/wordpress\/segunda\/wp-content\/uploads\/2024\/10\/TurisDonaRural2-1024x577.jpg\" alt=\"\" class=\"wp-image-240563\" srcset=\"https:\/\/www.tucomarca.com\/wordpress\/segunda\/wp-content\/uploads\/2024\/10\/TurisDonaRural2-1024x577.jpg 1024w, https:\/\/www.tucomarca.com\/wordpress\/segunda\/wp-content\/uploads\/2024\/10\/TurisDonaRural2-300x169.jpg 300w, https:\/\/www.tucomarca.com\/wordpress\/segunda\/wp-content\/uploads\/2024\/10\/TurisDonaRural2-768x432.jpg 768w, https:\/\/www.tucomarca.com\/wordpress\/segunda\/wp-content\/uploads\/2024\/10\/TurisDonaRural2-678x381.jpg 678w, https:\/\/www.tucomarca.com\/wordpress\/segunda\/wp-content\/uploads\/2024\/10\/TurisDonaRural2.jpg 1181w\" sizes=\"auto, (max-width: 1024px) 100vw, 1024px\" \/><\/figure>\n\n\n\n<figure class=\"wp-block-image size-large\"><img loading=\"lazy\" decoding=\"async\" width=\"1024\" height=\"577\" data-id=\"240565\" src=\"https:\/\/www.tucomarca.com\/wordpress\/segunda\/wp-content\/uploads\/2024\/10\/TurisDonaRural3-1024x577.jpg\" alt=\"\" class=\"wp-image-240565\" srcset=\"https:\/\/www.tucomarca.com\/wordpress\/segunda\/wp-content\/uploads\/2024\/10\/TurisDonaRural3-1024x577.jpg 1024w, https:\/\/www.tucomarca.com\/wordpress\/segunda\/wp-content\/uploads\/2024\/10\/TurisDonaRural3-300x169.jpg 300w, https:\/\/www.tucomarca.com\/wordpress\/segunda\/wp-content\/uploads\/2024\/10\/TurisDonaRural3-768x432.jpg 768w, https:\/\/www.tucomarca.com\/wordpress\/segunda\/wp-content\/uploads\/2024\/10\/TurisDonaRural3-678x381.jpg 678w, https:\/\/www.tucomarca.com\/wordpress\/segunda\/wp-content\/uploads\/2024\/10\/TurisDonaRural3.jpg 1181w\" sizes=\"auto, (max-width: 1024px) 100vw, 1024px\" \/><\/figure>\n<\/figure>\n\n\n\n<p><strong>MUJER EMPRENDEDORA: Maite Villanova Gonz\u00e1lez<\/strong><br>Por ser una persona comprometida con la salud sexual y reproductiva de las mujeres, valorada por la poblaci\u00f3n de Tur\u00eds, como mujer emprendedora, porque apost\u00f3 para abrir una consulta ginecol\u00f3gica en el pueblo.<\/p>\n\n\n\n<p><strong>LUCHADORA POR LA IGUALDAD: Mar\u00eda Dolores Marabella Folch<\/strong><br>Cofundadora y primera directora de la Caixa Rural de Tur\u00eds entre 1964 y 1969. Rompi\u00f3 barreras trabajando a una entidad financiera donde todo eran hombres.<\/p>\n\n\n\n<p><strong>UN EJEMPLO DE VIDA: Vicenta Tar\u00edn Soler<\/strong><br>Conocida como Vicentica la Tramussera, desde los 9 a\u00f1os trabajaba en el campo, en la Fallereta, y cobraba 1 peseta al d\u00eda. M\u00e1s tarde trabaj\u00f3 \u201csirviendo\u201d en tres casas del pueblo y alternaba el trabajo en el campo, iba a la cebolla, a cortar uva, \u2026<\/p>\n\n\n\n<p><strong>MUJER DEPORTISTA RURAL: Noelia Vidrier Sambl\u00e0s<\/strong><br>El deporte forma parte de su vida, es una persona constante, busca siempre la superaci\u00f3n a nivel deportivo. Preocupada por el bienestar y salud de las personas, se anim\u00f3 a abrir un centro para hacer pilates en Tur\u00eds, y aportar, as\u00ed, su visi\u00f3n de la pr\u00e1ctica deportiva.<\/p>\n\n\n\n<p><strong>MUJER JOVEN RURAL: Lola Garc\u00eda Crespo<\/strong><br>Es una joven con una gran conciencia de formar parte de la comunidad. Desde su juventud entiende que un pueblo crece y se desarrolla si las personas que lo habitan se implican en la participaci\u00f3n social de manera activa y comprometida.<\/p>\n\n\n\n<p>En la entrega de los premios, que han sido elaborados artesanalmente por la asociaci\u00f3n Per ells, participaron tambi\u00e9n las Festeras de Agosto.<br>El momento tambi\u00e9n sirvi\u00f3 para celebrar el D\u00eda Internacional de las Mujeres Rurales, que fue el pasado 15 de octubre. As\u00ed se reconoce y se reivindica al mismo tiempo el esfuerzo que supone para las mujeres luchar por la igualdad en el entorno rural desde diferentes posiciones y ocupaciones.<\/p>\n\n\n\n<figure class=\"wp-block-image size-large\"><img loading=\"lazy\" decoding=\"async\" width=\"1024\" height=\"577\" src=\"https:\/\/www.tucomarca.com\/wordpress\/segunda\/wp-content\/uploads\/2024\/10\/TurisDonaRural4-1024x577.jpg\" alt=\"\" class=\"wp-image-240567\" srcset=\"https:\/\/www.tucomarca.com\/wordpress\/segunda\/wp-content\/uploads\/2024\/10\/TurisDonaRural4-1024x577.jpg 1024w, https:\/\/www.tucomarca.com\/wordpress\/segunda\/wp-content\/uploads\/2024\/10\/TurisDonaRural4-300x169.jpg 300w, https:\/\/www.tucomarca.com\/wordpress\/segunda\/wp-content\/uploads\/2024\/10\/TurisDonaRural4-768x432.jpg 768w, https:\/\/www.tucomarca.com\/wordpress\/segunda\/wp-content\/uploads\/2024\/10\/TurisDonaRural4-678x381.jpg 678w, https:\/\/www.tucomarca.com\/wordpress\/segunda\/wp-content\/uploads\/2024\/10\/TurisDonaRural4.jpg 1181w\" sizes=\"auto, (max-width: 1024px) 100vw, 1024px\" \/><\/figure>\n","protected":false},"excerpt":{"rendered":"<div class=\"mh-excerpt\">Tur\u00eds vivi\u00f3 un acto emocionante con la entrega de la segunda edici\u00f3n de los Premios Mujer Rural, que se han escogido por la poblaci\u00f3n a trav\u00e9s de un proceso participativo. La Casa Museo alberg\u00f3 el <a class=\"mh-excerpt-more\" href=\"https:\/\/www.tucomarca.com\/wordpress\/segunda\/turis-entrega-los-premios-a-las-mujeres-rurales\/\" title=\"Tur\u00eds entrega los premios a las mujeres rurales\">[+] <\/a><\/div>\n","protected":false},"author":12,"featured_media":240561,"comment_status":"open","ping_status":"open","sticky":false,"template":"","format":"gallery","meta":{"footnotes":""},"categories":[8,42,7,3,43],"tags":[11864,21398,1407],"class_list":{"0":"post-240559","1":"post","2":"type-post","3":"status-publish","4":"format-gallery","5":"has-post-thumbnail","7":"category-la-comarca","8":"category-la-ribera","9":"category-ocio-y-cultura","10":"category-seccion","11":"category-turis","12":"tag-ajuntament-de-turis-2","13":"tag-dones-rurals","14":"tag-ribera-alta","15":"post_format-post-format-gallery"},"_links":{"self":[{"href":"https:\/\/www.tucomarca.com\/wordpress\/segunda\/wp-json\/wp\/v2\/posts\/240559","targetHints":{"allow":["GET"]}}],"collection":[{"href":"https:\/\/www.tucomarca.com\/wordpress\/segunda\/wp-json\/wp\/v2\/posts"}],"about":[{"href":"https:\/\/www.tucomarca.com\/wordpress\/segunda\/wp-json\/wp\/v2\/types\/post"}],"author":[{"embeddable":true,"href":"https:\/\/www.tucomarca.com\/wordpress\/segunda\/wp-json\/wp\/v2\/users\/12"}],"replies":[{"embeddable":true,"href":"https:\/\/www.tucomarca.com\/wordpress\/segunda\/wp-json\/wp\/v2\/comments?post=240559"}],"version-history":[{"count":0,"href":"https:\/\/www.tucomarca.com\/wordpress\/segunda\/wp-json\/wp\/v2\/posts\/240559\/revisions"}],"wp:featuredmedia":[{"embeddable":true,"href":"https:\/\/www.tucomarca.com\/wordpress\/segunda\/wp-json\/wp\/v2\/media\/240561"}],"wp:attachment":[{"href":"https:\/\/www.tucomarca.com\/wordpress\/segunda\/wp-json\/wp\/v2\/media?parent=240559"}],"wp:term":[{"taxonomy":"category","embeddable":true,"href":"https:\/\/www.tucomarca.com\/wordpress\/segunda\/wp-json\/wp\/v2\/categories?post=240559"},{"taxonomy":"post_tag","embeddable":true,"href":"https:\/\/www.tucomarca.com\/wordpress\/segunda\/wp-json\/wp\/v2\/tags?post=240559"}],"curies":[{"name":"wp","href":"https:\/\/api.w.org\/{rel}","templated":true}]}}