{"id":240683,"date":"2024-10-21T07:50:00","date_gmt":"2024-10-21T05:50:00","guid":{"rendered":"https:\/\/www.tucomarca.com\/wordpress\/segunda\/?p=240683"},"modified":"2024-10-21T22:22:55","modified_gmt":"2024-10-21T20:22:55","slug":"el-personal-laboral-del-sector-de-las-residencias-de-gestion-integral-alerta-a-nivel-autonomico-que-el-futuro-de-las-residencias-esta-en-peligro","status":"publish","type":"post","link":"https:\/\/www.tucomarca.com\/wordpress\/segunda\/el-personal-laboral-del-sector-de-las-residencias-de-gestion-integral-alerta-a-nivel-autonomico-que-el-futuro-de-las-residencias-esta-en-peligro\/","title":{"rendered":"El personal laboral del sector de las residencias de gesti\u00f3n integral alerta a nivel auton\u00f3mico que el futuro de las residencias \u00abest\u00e1 en peligro\u00bb"},"content":{"rendered":"\n<h3 class=\"wp-block-heading\">Las residencias de Bu\u00f1ol y Chiva se concentrar\u00e1n este jueves 24 de octubre a las 10,00 en la puerta de la residencia Bu\u00f1ol y a las 10,30 en la puerta de la residencia de Chiva.<\/h3>\n\n\n\n<h3 class=\"wp-block-heading\">\u00abEl sector de los cuidados en la Comunidad Valencia est\u00e1 al l\u00edmite, enfrentando una situaci\u00f3n cr\u00edtica que afecta a miles de personas mayores, a sus familias y al personal de los centros\u00bb, aseguran.<\/h3>\n\n\n\n<h3 class=\"wp-block-heading\">\u00abAnte esta situaci\u00f3n los trabajadores del sector de las residencias de gesti\u00f3n integral convocamos una concentraci\u00f3n el jueves 24 de octubre para denunciar las p\u00e9simas condiciones laborales\u00bb, tal como denuncian.<\/h3>\n\n\n\n<div class=\"wp-block-columns is-layout-flex wp-container-core-columns-is-layout-9d6595d7 wp-block-columns-is-layout-flex\">\n<div class=\"wp-block-column is-layout-flow wp-block-column-is-layout-flow\" style=\"flex-basis:100%\">\n<figure class=\"wp-block-gallery has-nested-images columns-default is-cropped wp-block-gallery-1 is-layout-flex wp-block-gallery-is-layout-flex\">\n<figure class=\"wp-block-image size-large\"><img loading=\"lazy\" decoding=\"async\" width=\"724\" height=\"1024\" data-id=\"240700\" src=\"https:\/\/www.tucomarca.com\/wordpress\/segunda\/wp-content\/uploads\/2024\/10\/BunolResi-724x1024.jpg\" alt=\"\" class=\"wp-image-240700\" srcset=\"https:\/\/www.tucomarca.com\/wordpress\/segunda\/wp-content\/uploads\/2024\/10\/BunolResi-724x1024.jpg 724w, https:\/\/www.tucomarca.com\/wordpress\/segunda\/wp-content\/uploads\/2024\/10\/BunolResi-212x300.jpg 212w, https:\/\/www.tucomarca.com\/wordpress\/segunda\/wp-content\/uploads\/2024\/10\/BunolResi-768x1086.jpg 768w, https:\/\/www.tucomarca.com\/wordpress\/segunda\/wp-content\/uploads\/2024\/10\/BunolResi.jpg 886w\" sizes=\"auto, (max-width: 724px) 100vw, 724px\" \/><\/figure>\n\n\n\n<figure class=\"wp-block-image size-large\"><img loading=\"lazy\" decoding=\"async\" width=\"755\" height=\"1024\" data-id=\"240698\" src=\"https:\/\/www.tucomarca.com\/wordpress\/segunda\/wp-content\/uploads\/2024\/10\/ChivaResi-755x1024.jpg\" alt=\"\" class=\"wp-image-240698\" srcset=\"https:\/\/www.tucomarca.com\/wordpress\/segunda\/wp-content\/uploads\/2024\/10\/ChivaResi-755x1024.jpg 755w, https:\/\/www.tucomarca.com\/wordpress\/segunda\/wp-content\/uploads\/2024\/10\/ChivaResi-221x300.jpg 221w, https:\/\/www.tucomarca.com\/wordpress\/segunda\/wp-content\/uploads\/2024\/10\/ChivaResi-768x1041.jpg 768w, https:\/\/www.tucomarca.com\/wordpress\/segunda\/wp-content\/uploads\/2024\/10\/ChivaResi.jpg 886w\" sizes=\"auto, (max-width: 755px) 100vw, 755px\" \/><\/figure>\n<\/figure>\n<\/div>\n<\/div>\n\n\n\n<p>\u00abEn estos momentos, las residencias tenemos el contrato de gesti\u00f3n finalizado y estamos a la espera de que la Conselleria inicie el proceso de licitaci\u00f3n y renueve la gesti\u00f3n. Mientras eso no ocurra no se pueden aplicar las mejoras laborales y la subida salarial que llevamos solicitando desde el 2022, a\u00f1o en que se firmaron los acuerdos de equiparaci\u00f3n salarial con la Conselleria. La administraci\u00f3n condiciona las licitaciones a la modificaci\u00f3n del llamado Decreto de Tipolog\u00eda el cual, todav\u00eda no se ha publicado\u00bb, tal como han informado desde este colectivo.<\/p>\n\n\n\n<p>\u00abEn los \u00faltimos ocho a\u00f1os ha habido una subida salarial del 2% (cuando el IPC ha subido m\u00e1s de un 23%). En nuestro sector, el salario medio se sit\u00faa en torno a los 1.000 \u20ac. Por lo que la subida ha sido totalmente insuficiente, teniendo como consecuencias inmediatas, la fuga del personal a otros sectores mejor retribuidos o la dificultad para encontrar personal que quiera trabajar con estas condiciones a la hora de sustituir bajas o vacaciones\u00bb, han a\u00f1adido.<\/p>\n\n\n\n<p>\u00abAdem\u00e1s, con las nuevas licitaciones se ampliar\u00e1 el personal, y se dotar\u00e1 a los centros de mejores medios para poder dar respuesta a las necesidades que las personas usuarias plantean hoy en d\u00eda. Hay que tener en cuenta que las personas que ingresan actualmente en nuestros centros no tienen las mismas necesidades que las de hace veinte a\u00f1os. Es por ello, que exigimos la licitaci\u00f3n de manera inmediata y con car\u00e1cter urgente\u00bb, tal como han finalizado.<\/p>\n","protected":false},"excerpt":{"rendered":"<div class=\"mh-excerpt\">Las residencias de Bu\u00f1ol y Chiva se concentrar\u00e1n este jueves 24 de octubre a las 10,00 en la puerta de la residencia Bu\u00f1ol y a las 10,30 en la puerta de la residencia de Chiva. <a class=\"mh-excerpt-more\" href=\"https:\/\/www.tucomarca.com\/wordpress\/segunda\/el-personal-laboral-del-sector-de-las-residencias-de-gestion-integral-alerta-a-nivel-autonomico-que-el-futuro-de-las-residencias-esta-en-peligro\/\" title=\"El personal laboral del sector de las residencias de gesti\u00f3n integral alerta a nivel auton\u00f3mico que el futuro de las residencias \u00abest\u00e1 en peligro\u00bb\">[+] <\/a><\/div>\n","protected":false},"author":12,"featured_media":240700,"comment_status":"open","ping_status":"open","sticky":false,"template":"","format":"standard","meta":{"footnotes":""},"categories":[18,16,128,8,72,10,142,3],"tags":[10385,10384,5952],"class_list":{"0":"post-240683","1":"post","2":"type-post","3":"status-publish","4":"format-standard","5":"has-post-thumbnail","7":"category-bunol","8":"category-chiva","9":"category-infraestructuras","10":"category-la-comarca","11":"category-sin-categorizar","12":"category-la-hoya","13":"category-politica-la-comarca","14":"category-seccion","15":"tag-bunol","16":"tag-chiva","17":"tag-la-hoya-de-bunol-chiva"},"_links":{"self":[{"href":"https:\/\/www.tucomarca.com\/wordpress\/segunda\/wp-json\/wp\/v2\/posts\/240683","targetHints":{"allow":["GET"]}}],"collection":[{"href":"https:\/\/www.tucomarca.com\/wordpress\/segunda\/wp-json\/wp\/v2\/posts"}],"about":[{"href":"https:\/\/www.tucomarca.com\/wordpress\/segunda\/wp-json\/wp\/v2\/types\/post"}],"author":[{"embeddable":true,"href":"https:\/\/www.tucomarca.com\/wordpress\/segunda\/wp-json\/wp\/v2\/users\/12"}],"replies":[{"embeddable":true,"href":"https:\/\/www.tucomarca.com\/wordpress\/segunda\/wp-json\/wp\/v2\/comments?post=240683"}],"version-history":[{"count":0,"href":"https:\/\/www.tucomarca.com\/wordpress\/segunda\/wp-json\/wp\/v2\/posts\/240683\/revisions"}],"wp:featuredmedia":[{"embeddable":true,"href":"https:\/\/www.tucomarca.com\/wordpress\/segunda\/wp-json\/wp\/v2\/media\/240700"}],"wp:attachment":[{"href":"https:\/\/www.tucomarca.com\/wordpress\/segunda\/wp-json\/wp\/v2\/media?parent=240683"}],"wp:term":[{"taxonomy":"category","embeddable":true,"href":"https:\/\/www.tucomarca.com\/wordpress\/segunda\/wp-json\/wp\/v2\/categories?post=240683"},{"taxonomy":"post_tag","embeddable":true,"href":"https:\/\/www.tucomarca.com\/wordpress\/segunda\/wp-json\/wp\/v2\/tags?post=240683"}],"curies":[{"name":"wp","href":"https:\/\/api.w.org\/{rel}","templated":true}]}}