{"id":240719,"date":"2024-10-18T10:00:00","date_gmt":"2024-10-18T08:00:00","guid":{"rendered":"https:\/\/www.tucomarca.com\/wordpress\/segunda\/?p=240719"},"modified":"2024-10-18T18:41:29","modified_gmt":"2024-10-18T16:41:29","slug":"el-conseller-de-agricultura-miguel-barrachina-inaugura-la-xxvii-feria-utiel-gastronomica","status":"publish","type":"post","link":"https:\/\/www.tucomarca.com\/wordpress\/segunda\/el-conseller-de-agricultura-miguel-barrachina-inaugura-la-xxvii-feria-utiel-gastronomica\/","title":{"rendered":"El Conseller de Agricultura, Miguel Barrachina, inaugura la XXVII Feria Utiel Gastron\u00f3mica\u00a0"},"content":{"rendered":"\n<h3 class=\"wp-block-heading\">A las 20.00 horas, tendr\u00e1 lugar el acto de apertura oficial con el alcalde de Utiel, Ricardo Gabald\u00f3n y el responsable de agricultura de la Generalitat, Miguel Barrachina, al que acompa\u00f1ar\u00e1n secretarios auton\u00f3micos y directores generales del Consell.<\/h3>\n\n\n\n<h3 class=\"wp-block-heading\">Un total de 35 expositores ofrecer\u00e1n la mejor gastron\u00f3mia de la tierra durante este fin de semana.<\/h3>\n\n\n\n<h3 class=\"wp-block-heading\">A la oferta gastron\u00f3mica se suman actividades paralelas como showcooking, catas comentadas, concursos de gastronom\u00eda, m\u00fasica en directo y visitas guiadas.<\/h3>\n\n\n\n<p>Hasta el pr\u00f3ximo domingo, 20 de octubre, el Paseo de la Alameda se convierte en un extraordinario escaparate&nbsp; de sabores y aromas con las&nbsp; mejores degustaciones&nbsp; de la tierra y&nbsp; actividades paralelas para todas las edades.<\/p>\n\n\n\n<p>La feria ha adelantado su apertura a esta ma\u00f1ana para ofrecer una programaci\u00f3n m\u00e1s amplia con eventos novedosos como el Concurso GastroChef o la modalidad de Corte de Jam\u00f3n Amateur.<\/p>\n\n\n\n<p>A las 20.00 horas, tendr\u00e1 lugar el acto de inauguraci\u00f3n oficial de la XXVII Feria Utiel Gastron\u00f3mica y II Feria de Maquinaria Agr\u00edcola con el alcalde de Utiel, Ricardo Gabald\u00f3n y el conseller de&nbsp; Agricultura, Ganader\u00eda y Pesca,Miguel Barrachina al que acompa\u00f1ar\u00e1n los&nbsp; Secretarios Auton\u00f3micos de Empleo y de Igualdad y Diversidad, Antonio Galva\u00f1 y Asunci\u00f3n Quinz\u00e1 y los Directores Generales de Producci\u00f3n Agr\u00edcola y Ganadera y Energ\u00eda y Minas, M\u00aa \u00c1ngeles Ram\u00f3n-Llin y Manuel Arg\u00fcelles.<\/p>\n\n\n\n<p>Esta XXVII edici\u00f3n aumenta la participaci\u00f3n de expositores , con un total de 35 participantes, para ofrecer una gran variedad de degustaciones a los visitantes con fusi\u00f3n cocina tradicional y gourmet. Adem\u00e1s, esta edici\u00f3n da la bienvenida a nuevos concursos gastron\u00f3micos para incluir a todos los p\u00fablicos y se programan actividades paralelas como las exhibiciones de showcooking de prestigiosos chefs, maridajes especiales , catas de vino comentadas y sesiones de m\u00fasica en directo con reconocidos grupos como la actuaci\u00f3n de la Orquesta Panorama el domingo 20 de octubre a las 19 horas, como despedir esta XXVII edici\u00f3n de la Feria Utiel Gastron\u00f3mica.&nbsp;<\/p>\n\n\n\n<figure class=\"wp-block-gallery has-nested-images columns-2 is-cropped wp-block-gallery-1 is-layout-flex wp-block-gallery-is-layout-flex\">\n<figure class=\"wp-block-image size-large\"><img loading=\"lazy\" decoding=\"async\" width=\"1024\" height=\"877\" data-id=\"240725\" src=\"https:\/\/www.tucomarca.com\/wordpress\/segunda\/wp-content\/uploads\/2024\/10\/UtielGastronomica03-1024x877.jpg\" alt=\"\" class=\"wp-image-240725\" srcset=\"https:\/\/www.tucomarca.com\/wordpress\/segunda\/wp-content\/uploads\/2024\/10\/UtielGastronomica03-1024x877.jpg 1024w, https:\/\/www.tucomarca.com\/wordpress\/segunda\/wp-content\/uploads\/2024\/10\/UtielGastronomica03-300x257.jpg 300w, https:\/\/www.tucomarca.com\/wordpress\/segunda\/wp-content\/uploads\/2024\/10\/UtielGastronomica03-768x658.jpg 768w, https:\/\/www.tucomarca.com\/wordpress\/segunda\/wp-content\/uploads\/2024\/10\/UtielGastronomica03.jpg 1284w\" sizes=\"auto, (max-width: 1024px) 100vw, 1024px\" \/><\/figure>\n\n\n\n<figure class=\"wp-block-image size-large\"><img loading=\"lazy\" decoding=\"async\" width=\"1024\" height=\"884\" data-id=\"240723\" src=\"https:\/\/www.tucomarca.com\/wordpress\/segunda\/wp-content\/uploads\/2024\/10\/UtielGastronomica02-1024x884.jpg\" alt=\"\" class=\"wp-image-240723\" srcset=\"https:\/\/www.tucomarca.com\/wordpress\/segunda\/wp-content\/uploads\/2024\/10\/UtielGastronomica02-1024x884.jpg 1024w, https:\/\/www.tucomarca.com\/wordpress\/segunda\/wp-content\/uploads\/2024\/10\/UtielGastronomica02-300x259.jpg 300w, https:\/\/www.tucomarca.com\/wordpress\/segunda\/wp-content\/uploads\/2024\/10\/UtielGastronomica02-768x663.jpg 768w, https:\/\/www.tucomarca.com\/wordpress\/segunda\/wp-content\/uploads\/2024\/10\/UtielGastronomica02.jpg 1284w\" sizes=\"auto, (max-width: 1024px) 100vw, 1024px\" \/><\/figure>\n\n\n\n<figure class=\"wp-block-image size-large\"><img loading=\"lazy\" decoding=\"async\" width=\"1024\" height=\"390\" data-id=\"240721\" src=\"https:\/\/www.tucomarca.com\/wordpress\/segunda\/wp-content\/uploads\/2024\/10\/UtielGastronomica01-1024x390.png\" alt=\"\" class=\"wp-image-240721\" srcset=\"https:\/\/www.tucomarca.com\/wordpress\/segunda\/wp-content\/uploads\/2024\/10\/UtielGastronomica01-1024x390.png 1024w, https:\/\/www.tucomarca.com\/wordpress\/segunda\/wp-content\/uploads\/2024\/10\/UtielGastronomica01-300x114.png 300w, https:\/\/www.tucomarca.com\/wordpress\/segunda\/wp-content\/uploads\/2024\/10\/UtielGastronomica01-768x292.png 768w, https:\/\/www.tucomarca.com\/wordpress\/segunda\/wp-content\/uploads\/2024\/10\/UtielGastronomica01.png 1230w\" sizes=\"auto, (max-width: 1024px) 100vw, 1024px\" \/><\/figure>\n<\/figure>\n","protected":false},"excerpt":{"rendered":"<div class=\"mh-excerpt\">A las 20.00 horas, tendr\u00e1 lugar el acto de apertura oficial con el alcalde de Utiel, Ricardo Gabald\u00f3n y el responsable de agricultura de la Generalitat, Miguel Barrachina, al que acompa\u00f1ar\u00e1n secretarios auton\u00f3micos y directores <a class=\"mh-excerpt-more\" href=\"https:\/\/www.tucomarca.com\/wordpress\/segunda\/el-conseller-de-agricultura-miguel-barrachina-inaugura-la-xxvii-feria-utiel-gastronomica\/\" title=\"El Conseller de Agricultura, Miguel Barrachina, inaugura la XXVII Feria Utiel Gastron\u00f3mica\u00a0\">[+] <\/a><\/div>\n","protected":false},"author":13,"featured_media":240729,"comment_status":"open","ping_status":"open","sticky":false,"template":"","format":"standard","meta":{"footnotes":""},"categories":[4,169,128,8,7,27,3,29],"tags":[85,15855,10387,10389],"class_list":{"0":"post-240719","1":"post","2":"type-post","3":"status-publish","4":"format-standard","5":"has-post-thumbnail","7":"category-agenda","8":"category-agricultura-la-comarca","9":"category-infraestructuras","10":"category-la-comarca","11":"category-ocio-y-cultura","12":"category-requena-utiel","13":"category-seccion","14":"category-utiel","15":"tag-agricultura","16":"tag-ocio-y-cultura","17":"tag-requena-utiel","18":"tag-utiel"},"_links":{"self":[{"href":"https:\/\/www.tucomarca.com\/wordpress\/segunda\/wp-json\/wp\/v2\/posts\/240719","targetHints":{"allow":["GET"]}}],"collection":[{"href":"https:\/\/www.tucomarca.com\/wordpress\/segunda\/wp-json\/wp\/v2\/posts"}],"about":[{"href":"https:\/\/www.tucomarca.com\/wordpress\/segunda\/wp-json\/wp\/v2\/types\/post"}],"author":[{"embeddable":true,"href":"https:\/\/www.tucomarca.com\/wordpress\/segunda\/wp-json\/wp\/v2\/users\/13"}],"replies":[{"embeddable":true,"href":"https:\/\/www.tucomarca.com\/wordpress\/segunda\/wp-json\/wp\/v2\/comments?post=240719"}],"version-history":[{"count":0,"href":"https:\/\/www.tucomarca.com\/wordpress\/segunda\/wp-json\/wp\/v2\/posts\/240719\/revisions"}],"wp:featuredmedia":[{"embeddable":true,"href":"https:\/\/www.tucomarca.com\/wordpress\/segunda\/wp-json\/wp\/v2\/media\/240729"}],"wp:attachment":[{"href":"https:\/\/www.tucomarca.com\/wordpress\/segunda\/wp-json\/wp\/v2\/media?parent=240719"}],"wp:term":[{"taxonomy":"category","embeddable":true,"href":"https:\/\/www.tucomarca.com\/wordpress\/segunda\/wp-json\/wp\/v2\/categories?post=240719"},{"taxonomy":"post_tag","embeddable":true,"href":"https:\/\/www.tucomarca.com\/wordpress\/segunda\/wp-json\/wp\/v2\/tags?post=240719"}],"curies":[{"name":"wp","href":"https:\/\/api.w.org\/{rel}","templated":true}]}}