{"id":240720,"date":"2024-10-18T13:30:00","date_gmt":"2024-10-18T11:30:00","guid":{"rendered":"https:\/\/www.tucomarca.com\/wordpress\/segunda\/?p=240720"},"modified":"2024-10-18T20:42:02","modified_gmt":"2024-10-18T18:42:02","slug":"cheste-celebra-la-festividad-de-su-patron-san-lucas","status":"publish","type":"post","link":"https:\/\/www.tucomarca.com\/wordpress\/segunda\/cheste-celebra-la-festividad-de-su-patron-san-lucas\/","title":{"rendered":"Cheste celebra la festividad de su patr\u00f3n, San Lucas"},"content":{"rendered":"\n<p>Hoy, viernes 18 de octubre, Cheste celebra el D\u00eda de San Lucas Evangelista, en el marco de la LI Fiesta de la Vendimia de Cheste.<\/p>\n\n\n\n<p><strong>Misa, pasacalle y masclet\u00e1<\/strong><\/p>\n\n\n\n<p>Esta ma\u00f1ana, como manda la tradici\u00f3n, a las 8:00 se ha procedido al volteo de campanas dedicado al patr\u00f3n. A las 12:00 se ha celebrado la misa cantada por la Coral San Lucas Evangelista y, tras ella, la reina de la Vendimia y su corte de honor han iniciado el desfile junto con las las Fallas locales, autoridades, familiares y amigos, acompa\u00f1ados por la Banda La Lira, hasta la plaza Doctor Cajal, donde se ha disparado la t\u00edpica masclet\u00e1 de San Lucas, en esta ocasi\u00f3n a cargo de la pirotecnia Mediterr\u00e1neo de Vilamarxant.<\/p>\n\n\n\n<p>\u201cComo buen chestano, San Lucas est\u00e1 marcado en rojo en mi calendario; celebrar el d\u00eda de nuestro patr\u00f3n es un orgullo para m\u00ed, todav\u00eda m\u00e1s ahora que soy concejal y he tenido la oportunidad de organizar los actos en su honor\u201d, ha declarado el concejal de Fiestas, \u00d3scar Gald\u00f3n.<\/p>\n\n\n\n<p><strong>Procesi\u00f3n y castillo de fuegos artificiales<\/strong><\/p>\n\n\n\n<p>Esta tarde, a las 20:00, se celebrar\u00e1 la solemne procesi\u00f3n presidida por el patr\u00f3n de Cheste, con la participaci\u00f3n de la Reina de la vendimia y su corte de honor, por el recorrido habitual.<br>Ya entrada la noche, a la 21:45, se disparar\u00e1 un castillo de fuegos artificiales, tambi\u00e9n a cargo de la pirotecnia Mediterr\u00e1neo de Vilamarxant.<\/p>\n\n\n\n<p>\u201cInvitamos a los vecinos y vecinas a que sigan llenando las calles este fin de semana tan completo que tenemos por delante, que disfruten del encierro campero, de los CrossVid Games, de las torr\u00e1s y de la fiesta infantil\u201d, ha apuntado Gald\u00f3n. \u201cQuiero agradecer el esfuerzo de las personas que organizan todo esto junto a m\u00ed, las que no se ven, pero trabajan muy duro para que todos podamos disfrutar del programa festivo. Ellos son los trabajadores de la brigada, que empiezan los primeros y se van los \u00faltimos, y Bego\u00f1a Manzanera y M\u00f3nica Verduch, que trabajan con mucha implicaci\u00f3n\u201d.<\/p>\n\n\n\n<figure class=\"wp-block-gallery has-nested-images columns-1 is-cropped wp-block-gallery-1 is-layout-flex wp-block-gallery-is-layout-flex\">\n<figure class=\"wp-block-image size-large\"><img loading=\"lazy\" decoding=\"async\" width=\"886\" height=\"591\" data-id=\"240735\" src=\"https:\/\/www.tucomarca.com\/wordpress\/segunda\/wp-content\/uploads\/2024\/10\/ChesteSanLucas_1.jpg\" alt=\"\" class=\"wp-image-240735\" srcset=\"https:\/\/www.tucomarca.com\/wordpress\/segunda\/wp-content\/uploads\/2024\/10\/ChesteSanLucas_1.jpg 886w, https:\/\/www.tucomarca.com\/wordpress\/segunda\/wp-content\/uploads\/2024\/10\/ChesteSanLucas_1-300x200.jpg 300w, https:\/\/www.tucomarca.com\/wordpress\/segunda\/wp-content\/uploads\/2024\/10\/ChesteSanLucas_1-768x512.jpg 768w\" sizes=\"auto, (max-width: 886px) 100vw, 886px\" \/><\/figure>\n\n\n\n<figure class=\"wp-block-image size-large\"><img loading=\"lazy\" decoding=\"async\" width=\"886\" height=\"591\" data-id=\"240737\" src=\"https:\/\/www.tucomarca.com\/wordpress\/segunda\/wp-content\/uploads\/2024\/10\/ChesteSanLucas_2.jpg\" alt=\"\" class=\"wp-image-240737\" srcset=\"https:\/\/www.tucomarca.com\/wordpress\/segunda\/wp-content\/uploads\/2024\/10\/ChesteSanLucas_2.jpg 886w, https:\/\/www.tucomarca.com\/wordpress\/segunda\/wp-content\/uploads\/2024\/10\/ChesteSanLucas_2-300x200.jpg 300w, https:\/\/www.tucomarca.com\/wordpress\/segunda\/wp-content\/uploads\/2024\/10\/ChesteSanLucas_2-768x512.jpg 768w\" sizes=\"auto, (max-width: 886px) 100vw, 886px\" \/><\/figure>\n\n\n\n<figure class=\"wp-block-image size-large\"><img loading=\"lazy\" decoding=\"async\" width=\"886\" height=\"591\" data-id=\"240741\" src=\"https:\/\/www.tucomarca.com\/wordpress\/segunda\/wp-content\/uploads\/2024\/10\/ChesteSanLucas_4.jpg\" alt=\"\" class=\"wp-image-240741\" srcset=\"https:\/\/www.tucomarca.com\/wordpress\/segunda\/wp-content\/uploads\/2024\/10\/ChesteSanLucas_4.jpg 886w, https:\/\/www.tucomarca.com\/wordpress\/segunda\/wp-content\/uploads\/2024\/10\/ChesteSanLucas_4-300x200.jpg 300w, https:\/\/www.tucomarca.com\/wordpress\/segunda\/wp-content\/uploads\/2024\/10\/ChesteSanLucas_4-768x512.jpg 768w\" sizes=\"auto, (max-width: 886px) 100vw, 886px\" \/><\/figure>\n\n\n\n<figure class=\"wp-block-image size-large\"><img loading=\"lazy\" decoding=\"async\" width=\"886\" height=\"591\" data-id=\"240743\" src=\"https:\/\/www.tucomarca.com\/wordpress\/segunda\/wp-content\/uploads\/2024\/10\/ChesteSanLucas_5.jpg\" alt=\"\" class=\"wp-image-240743\" srcset=\"https:\/\/www.tucomarca.com\/wordpress\/segunda\/wp-content\/uploads\/2024\/10\/ChesteSanLucas_5.jpg 886w, https:\/\/www.tucomarca.com\/wordpress\/segunda\/wp-content\/uploads\/2024\/10\/ChesteSanLucas_5-300x200.jpg 300w, https:\/\/www.tucomarca.com\/wordpress\/segunda\/wp-content\/uploads\/2024\/10\/ChesteSanLucas_5-768x512.jpg 768w\" sizes=\"auto, (max-width: 886px) 100vw, 886px\" \/><\/figure>\n\n\n\n<figure class=\"wp-block-image size-large\"><img loading=\"lazy\" decoding=\"async\" width=\"886\" height=\"591\" data-id=\"240745\" src=\"https:\/\/www.tucomarca.com\/wordpress\/segunda\/wp-content\/uploads\/2024\/10\/ChesteSanLucas_6.jpg\" alt=\"\" class=\"wp-image-240745\" srcset=\"https:\/\/www.tucomarca.com\/wordpress\/segunda\/wp-content\/uploads\/2024\/10\/ChesteSanLucas_6.jpg 886w, https:\/\/www.tucomarca.com\/wordpress\/segunda\/wp-content\/uploads\/2024\/10\/ChesteSanLucas_6-300x200.jpg 300w, https:\/\/www.tucomarca.com\/wordpress\/segunda\/wp-content\/uploads\/2024\/10\/ChesteSanLucas_6-768x512.jpg 768w\" sizes=\"auto, (max-width: 886px) 100vw, 886px\" \/><\/figure>\n\n\n\n<figure class=\"wp-block-image size-large\"><img loading=\"lazy\" decoding=\"async\" width=\"886\" height=\"591\" data-id=\"240747\" src=\"https:\/\/www.tucomarca.com\/wordpress\/segunda\/wp-content\/uploads\/2024\/10\/ChesteSanLucas_7.jpg\" alt=\"\" class=\"wp-image-240747\" srcset=\"https:\/\/www.tucomarca.com\/wordpress\/segunda\/wp-content\/uploads\/2024\/10\/ChesteSanLucas_7.jpg 886w, https:\/\/www.tucomarca.com\/wordpress\/segunda\/wp-content\/uploads\/2024\/10\/ChesteSanLucas_7-300x200.jpg 300w, https:\/\/www.tucomarca.com\/wordpress\/segunda\/wp-content\/uploads\/2024\/10\/ChesteSanLucas_7-768x512.jpg 768w\" sizes=\"auto, (max-width: 886px) 100vw, 886px\" \/><\/figure>\n\n\n\n<figure class=\"wp-block-image size-large\"><img loading=\"lazy\" decoding=\"async\" width=\"886\" height=\"591\" data-id=\"240749\" src=\"https:\/\/www.tucomarca.com\/wordpress\/segunda\/wp-content\/uploads\/2024\/10\/ChesteSanLucas_8.jpg\" alt=\"\" class=\"wp-image-240749\" srcset=\"https:\/\/www.tucomarca.com\/wordpress\/segunda\/wp-content\/uploads\/2024\/10\/ChesteSanLucas_8.jpg 886w, https:\/\/www.tucomarca.com\/wordpress\/segunda\/wp-content\/uploads\/2024\/10\/ChesteSanLucas_8-300x200.jpg 300w, https:\/\/www.tucomarca.com\/wordpress\/segunda\/wp-content\/uploads\/2024\/10\/ChesteSanLucas_8-768x512.jpg 768w\" sizes=\"auto, (max-width: 886px) 100vw, 886px\" \/><\/figure>\n<\/figure>\n","protected":false},"excerpt":{"rendered":"<div class=\"mh-excerpt\">Hoy, viernes 18 de octubre, Cheste celebra el D\u00eda de San Lucas Evangelista, en el marco de la LI Fiesta de la Vendimia de Cheste. Misa, pasacalle y masclet\u00e1 Esta ma\u00f1ana, como manda la tradici\u00f3n, <a class=\"mh-excerpt-more\" href=\"https:\/\/www.tucomarca.com\/wordpress\/segunda\/cheste-celebra-la-festividad-de-su-patron-san-lucas\/\" title=\"Cheste celebra la festividad de su patr\u00f3n, San Lucas\">[+] <\/a><\/div>\n","protected":false},"author":12,"featured_media":240739,"comment_status":"open","ping_status":"open","sticky":false,"template":"","format":"gallery","meta":{"footnotes":""},"categories":[17,8,10,5,7,383,3,45],"tags":[20397,339,19778,5952],"class_list":{"0":"post-240720","1":"post","2":"type-post","3":"status-publish","4":"format-gallery","5":"has-post-thumbnail","7":"category-cheste","8":"category-la-comarca","9":"category-la-hoya","10":"category-la-semana-en-imagenes","11":"category-ocio-y-cultura","12":"category-pueblos-en-fiestas","13":"category-seccion","14":"category-ventana","15":"tag-51-fiesta-de-la-vendimia","16":"tag-cheste-2","17":"tag-dia-de-san-lucas","18":"tag-la-hoya-de-bunol-chiva","19":"post_format-post-format-gallery"},"_links":{"self":[{"href":"https:\/\/www.tucomarca.com\/wordpress\/segunda\/wp-json\/wp\/v2\/posts\/240720","targetHints":{"allow":["GET"]}}],"collection":[{"href":"https:\/\/www.tucomarca.com\/wordpress\/segunda\/wp-json\/wp\/v2\/posts"}],"about":[{"href":"https:\/\/www.tucomarca.com\/wordpress\/segunda\/wp-json\/wp\/v2\/types\/post"}],"author":[{"embeddable":true,"href":"https:\/\/www.tucomarca.com\/wordpress\/segunda\/wp-json\/wp\/v2\/users\/12"}],"replies":[{"embeddable":true,"href":"https:\/\/www.tucomarca.com\/wordpress\/segunda\/wp-json\/wp\/v2\/comments?post=240720"}],"version-history":[{"count":0,"href":"https:\/\/www.tucomarca.com\/wordpress\/segunda\/wp-json\/wp\/v2\/posts\/240720\/revisions"}],"wp:featuredmedia":[{"embeddable":true,"href":"https:\/\/www.tucomarca.com\/wordpress\/segunda\/wp-json\/wp\/v2\/media\/240739"}],"wp:attachment":[{"href":"https:\/\/www.tucomarca.com\/wordpress\/segunda\/wp-json\/wp\/v2\/media?parent=240720"}],"wp:term":[{"taxonomy":"category","embeddable":true,"href":"https:\/\/www.tucomarca.com\/wordpress\/segunda\/wp-json\/wp\/v2\/categories?post=240720"},{"taxonomy":"post_tag","embeddable":true,"href":"https:\/\/www.tucomarca.com\/wordpress\/segunda\/wp-json\/wp\/v2\/tags?post=240720"}],"curies":[{"name":"wp","href":"https:\/\/api.w.org\/{rel}","templated":true}]}}