{"id":241325,"date":"2024-10-23T10:50:00","date_gmt":"2024-10-23T08:50:00","guid":{"rendered":"https:\/\/www.tucomarca.com\/wordpress\/segunda\/?p=241325"},"modified":"2024-10-23T11:04:43","modified_gmt":"2024-10-23T09:04:43","slug":"cheste-celebra-la-junta-de-seguridad-con-motivo-del-gran-premio-de-motociclismo-2024","status":"publish","type":"post","link":"https:\/\/www.tucomarca.com\/wordpress\/segunda\/cheste-celebra-la-junta-de-seguridad-con-motivo-del-gran-premio-de-motociclismo-2024\/","title":{"rendered":"Cheste celebra la Junta de seguridad con motivo del Gran Premio de Motociclismo 2024"},"content":{"rendered":"\n<p>Se han reunido este martes, 22 de octubre, en Cheste los representantes de todos los dispositivos implicados en garantizar la seguridad, durante los d\u00edas en los que se celebrar\u00e1 el Gran Premio de Motociclismo 2024, los pr\u00f3ximos 15, 16 y 17 de noviembre.<\/p>\n\n\n\n<p>El alcalde, Jos\u00e9 Morell, y las concejalas y concejales \u00d3scar Gald\u00f3n, M\u00aa \u00c1ngeles Llorente, Brenda Jim\u00e9nez y David Pujals, encargados de las \u00e1reas de Seguridad, Sanidad, Igualdad y Servicios, respectivamente, recibieron al Subdelegado del Gobierno de Valencia, Jos\u00e9 Rodr\u00edguez Jurado; al Secretario auton\u00f3mico de Seguridad y Emergencias y Director de la Agencia Valenciana de Seguridad y Respuesta a las Emergencias, Emilio Arg\u00fceso Torres; a la jefa provincial de tr\u00e1fico, Pilar Funez Asensio; a la directora m\u00e9dica de Atenci\u00f3n Primaria del Hospital de Manises, M\u00aa Carmen Valdivieso Ma\u00f1as; y al director general del Circuit Ricardo Tormo, Nicol\u00e1s Collado Dom\u00ednguez, junto al director de seguridad, Germ\u00e1n G\u00f3mez Montesa. Tambi\u00e9n participaron en esta junta el inspector jefe de la Polic\u00eda Local de Cheste, Daniel Gonz\u00e1lez Gallardo, y representantes de la Jefatura Provincial de Tr\u00e1fico, de la Guardia Civil, de la Polic\u00eda Nacional, de Protecci\u00f3n Civil, del Centro de Salud de Cheste y de Renfe.<\/p>\n\n\n\n<figure class=\"wp-block-gallery has-nested-images columns-2 is-cropped wp-block-gallery-1 is-layout-flex wp-block-gallery-is-layout-flex\">\n<figure class=\"wp-block-image size-large\"><img loading=\"lazy\" decoding=\"async\" width=\"886\" height=\"591\" data-id=\"241330\" src=\"https:\/\/www.tucomarca.com\/wordpress\/segunda\/wp-content\/uploads\/2024\/10\/Cheste_JuntaSegGP24_02.jpg\" alt=\"\" class=\"wp-image-241330\" srcset=\"https:\/\/www.tucomarca.com\/wordpress\/segunda\/wp-content\/uploads\/2024\/10\/Cheste_JuntaSegGP24_02.jpg 886w, https:\/\/www.tucomarca.com\/wordpress\/segunda\/wp-content\/uploads\/2024\/10\/Cheste_JuntaSegGP24_02-300x200.jpg 300w, https:\/\/www.tucomarca.com\/wordpress\/segunda\/wp-content\/uploads\/2024\/10\/Cheste_JuntaSegGP24_02-768x512.jpg 768w\" sizes=\"auto, (max-width: 886px) 100vw, 886px\" \/><\/figure>\n\n\n\n<figure class=\"wp-block-image size-large\"><img loading=\"lazy\" decoding=\"async\" width=\"886\" height=\"591\" data-id=\"241334\" src=\"https:\/\/www.tucomarca.com\/wordpress\/segunda\/wp-content\/uploads\/2024\/10\/Cheste_JuntaSegGP24_04.jpg\" alt=\"\" class=\"wp-image-241334\" srcset=\"https:\/\/www.tucomarca.com\/wordpress\/segunda\/wp-content\/uploads\/2024\/10\/Cheste_JuntaSegGP24_04.jpg 886w, https:\/\/www.tucomarca.com\/wordpress\/segunda\/wp-content\/uploads\/2024\/10\/Cheste_JuntaSegGP24_04-300x200.jpg 300w, https:\/\/www.tucomarca.com\/wordpress\/segunda\/wp-content\/uploads\/2024\/10\/Cheste_JuntaSegGP24_04-768x512.jpg 768w\" sizes=\"auto, (max-width: 886px) 100vw, 886px\" \/><\/figure>\n\n\n\n<figure class=\"wp-block-image size-large\"><img loading=\"lazy\" decoding=\"async\" width=\"886\" height=\"591\" data-id=\"241332\" src=\"https:\/\/www.tucomarca.com\/wordpress\/segunda\/wp-content\/uploads\/2024\/10\/Cheste_JuntaSegGP24_03.jpg\" alt=\"\" class=\"wp-image-241332\" srcset=\"https:\/\/www.tucomarca.com\/wordpress\/segunda\/wp-content\/uploads\/2024\/10\/Cheste_JuntaSegGP24_03.jpg 886w, https:\/\/www.tucomarca.com\/wordpress\/segunda\/wp-content\/uploads\/2024\/10\/Cheste_JuntaSegGP24_03-300x200.jpg 300w, https:\/\/www.tucomarca.com\/wordpress\/segunda\/wp-content\/uploads\/2024\/10\/Cheste_JuntaSegGP24_03-768x512.jpg 768w\" sizes=\"auto, (max-width: 886px) 100vw, 886px\" \/><\/figure>\n<\/figure>\n\n\n\n<p>Durante la reuni\u00f3n, cada uno de los y las responsables de los dispositivos de seguridad aportaron la informaci\u00f3n que consideraron oportuna con respecto a su labor durante el desarrollo del Gran Premio. \u201cDespu\u00e9s de 25 a\u00f1os de dispositivo, en esta ocasi\u00f3n no hay demasiadas diferencias con los a\u00f1os anteriores, solo algunas matizaciones\u201d, explicaba el alcalde. \u201cCon respecto a la ubicaci\u00f3n de Puesto de Mando Avanzado, las \u00faltimas ediciones lo hemos puesto en el CEIP Ana Lluch, pero visto que podr\u00eda tener otra ubicaci\u00f3n mejor, quiero manifestar que por nuestra parte no hay inconveniente en ponerlo en el espacio municipal de al lado de la Polic\u00eda Local, si os parece bien el planteamiento\u201d, explicaba Morell. El alcalde tambi\u00e9n destac\u00f3 las medidas para prevenir y actuar en casos de violencia machista, anunciando la instalaci\u00f3n por parte del Ayuntamiento de dos Puntos Violeta y el reparto a todos los bares y comercios de la poblaci\u00f3n del protocolo de actuaci\u00f3n con instrucciones concretas para seguir ante posibles situaciones de riesgo. Adem\u00e1s, Morell explic\u00f3 que el Consistorio se plantear\u00e1 la extinci\u00f3n del servicio de autobuses lanzadera ante la falta de afluencia de personas usuarias el a\u00f1o anterior.<\/p>\n\n\n\n<p><strong>Seguridad ciudadana<\/strong><\/p>\n\n\n\n<p>Como en a\u00f1os anteriores, se mantendr\u00e1n operativos similares de Polic\u00eda Nacional y de Guardia Civil, desarrollando su actuaci\u00f3n en el municipio y en el Circuito para garantizar la seguridad ciudadana, el orden p\u00fablico y evitar posibles delitos. Ambos cuerpos colaborar\u00e1n con la Polic\u00eda Local en la inspecci\u00f3n y control de establecimientos de restauraci\u00f3n y ocio desde el jueves, 14 de noviembre, efectuando una labor previa informativa y ofreciendo margen a los establecimientos para subsanar posibles incumplimientos.<\/p>\n\n\n\n<p>Tal y como explic\u00f3 Daniel Gonz\u00e1lez, inspector jefe de la Polic\u00eda local, este cuerpo dispondr\u00e1 de 70 efectivos y dos guardias rurales, repartidos en diferentes grupos de trabajo, enfocados principalmente a la vigilancia de tr\u00e1fico y a la seguridad ciudadana en el interior del casco urbano de Cheste. El operativo dar\u00e1 comienzo el viernes 15 a las 17:00 y se mantendr\u00e1 de forma ininterrumpida hasta las 17:00 del domingo.<\/p>\n\n\n\n<p><strong>Accesos<\/strong><\/p>\n\n\n\n<p>Desde el viernes 15, sobre las 17:00, en funci\u00f3n de la afluencia de tr\u00e1fico, se restringir\u00e1 el acceso a turismos a la poblaci\u00f3n. \u201cLas entradas al casco urbano de Cheste ser\u00e1n la CV-50, por la rotonda de la b\u00e1scula que viene desde Chiva; la rotonda de los carros, que es la que viene desde Villamarchante, y la CV-378, donde est\u00e1n nuestras dependencias\u201d, explicaba el inspector jefe de la Polic\u00eda Local. \u201cEl resto de la poblaci\u00f3n quedar\u00e1 sellado al tr\u00e1fico, salvo las que son v\u00edas de salida, que permanecer\u00e1n abiertas. En los caminos rurales de la CV-378 se van a colocar vallas New Jersey para evitar que salga tr\u00e1fico a la carretera\u201d.<\/p>\n\n\n\n<p>La DGT mantendr\u00e1 tambi\u00e9n el mismo dispositivo, llevando a cabo la vigilancia y ordenaci\u00f3n en la A3, la A7 y la AP7 con paneles m\u00f3viles, carteler\u00eda y el resto de medios disponibles. A trav\u00e9s de las redes sociales se har\u00e1n campa\u00f1as espec\u00edficas para apelar a la prudencia, haciendo especial hincapi\u00e9 en la concienciaci\u00f3n del colectivo motorista, debido a las alarmantes cifras de personas fallecidas en lo que va de a\u00f1o. Tambi\u00e9n habr\u00e1 restricciones para veh\u00edculos pesados para garantizar la seguridad de la circulaci\u00f3n a determinadas horas, que se comunicar\u00e1n con antelaci\u00f3n a las empresas afectadas.<\/p>\n\n\n\n<p><strong>Medidas antiterroristas<\/strong><\/p>\n\n\n\n<p>Desde la Polic\u00eda Local se inform\u00f3 de que debido a la Alerta antiterrorista nivel 4 se van a seguir colocando vallas de tipo New Jersey a ambos lado de la Avenida Castilla, en los puntos de concentraci\u00f3n de venta ambulante y en plaza doctor Cajal, donde se realizar\u00e1n los eventos organizados por el Ayuntamiento; en el per\u00edmetro del cuartel de la Guardia Civil, para que tengan libre la v\u00eda de salida; y en la calle Pintor Sorolla, que ser\u00e1 una v\u00eda de emergencia.<\/p>\n\n\n\n<p><strong>Dispositivo sanitario<\/strong><\/p>\n\n\n\n<p>El dispositivo sanitario se mantendr\u00e1 como en 2023. La plantilla de personal sanitario del Centro de salud de Cheste se ampliar\u00e1 con un punto de atenci\u00f3n continuada desde las 15:00 del viernes hasta las 9:00 del domingo 17, con 4 m\u00e9dicos\/as, 4 enfermeros\/as y dos celadores\/as. De 9:00 a 21:00 horas del domingo el dispositivo ser\u00e1 de 2 m\u00e9dicos\/as y dos enfermeros\/as. Adem\u00e1s, habr\u00e1 una unidad SAMU 24 horas (de 9:00 a 9:00) y una ambulancia no asistida (TNA), tambi\u00e9n 24 horas, ubicadas en el centro de Salud de Cheste. Tambi\u00e9n habr\u00e1 una unidad asistencial con dotaci\u00f3n completa (USC) en horario diurno de 14 horas, de 8:00 a 22:00, en las proximidades de La Carreta; y las unidades de Soporte Vital B\u00e1sico de Chiva, Bu\u00f1ol, Tur\u00eds y Montserrat estar\u00e1n activadas preventivamente.<\/p>\n\n\n\n<p>Tal y como explic\u00f3 la directora m\u00e9dica de Atenci\u00f3n Primaria del Hospital de Manises, M\u00aa Carmen Valdivieso Ma\u00f1as, desde Conselleria se dotar\u00e1 de material sanitario a los dispositivos necesarios y habr\u00e1 refuerzos en los servicios Urgencias, Traumatolog\u00eda y Cirug\u00eda general del Hospital de Manises y se mantendr\u00e1n en alerta los servicios de Cirug\u00eda tor\u00e1cica y neurocirug\u00eda del Hospital General.<\/p>\n\n\n\n<p>Protecci\u00f3n Civil desplegar\u00e1 tambi\u00e9n un dispositivo similar al de 2023, desempe\u00f1ando labores de comunicaci\u00f3n con el Centro de Informaci\u00f3n y Coordinaci\u00f3n de Urgencias (CICU), efectuando traslados sanitarios, haciendo turnos de tarde y noche en el PMA y colaborando, adem\u00e1s, con Polic\u00eda local en el control de accesos y ofreciendo informaci\u00f3n a las personas visitantes.<\/p>\n\n\n\n<p><strong>Transporte<\/strong><\/p>\n\n\n\n<p>Desde Renfe se inform\u00f3 de que se ampliar\u00e1n trenes y horarios como en otras ediciones del Gran Premio, con parada en el apeadero del Circuit, pero se anunci\u00f3 que, en principio, no podr\u00e1n ofrecer el servicio de trenes nocturnos durante el fin de semana de la celebraci\u00f3n evento, debido a las obras de la estaci\u00f3n central del Valencia. No obstante, se ofrecieron a buscar posibles soluciones en las pr\u00f3ximas semanas.<\/p>\n\n\n\n<p><strong>Circuito<\/strong><\/p>\n\n\n\n<p>Nicol\u00e1s Collado, Director del Circuito Ricardo Tormo, detall\u00f3 las dos novedades que presenta este a\u00f1o el Gran Premio de Motociclismo. En primer lugar, la ampliaci\u00f3n de 7.000 entradas m\u00e1s en gradas supletorias en relaci\u00f3n al a\u00f1o pasado y la consiguiente ampliaci\u00f3n de espacios de aparcamiento. Por otra parte, Collado anunci\u00f3 que la Gala Moto GP que se hac\u00eda en Valencia pasar\u00e1 a a realizarse dentro del Circuito, el domingo 17, a las 18:30.<\/p>\n\n\n\n<p>Por su parte, el concejal de Servicios, David Pujals, solicit\u00f3 a Collado que desde el Circuito se dispusieran de empresas de limpieza en el parque empresarial, ante la cantidad de suciedad que se acumula durante el evento, y ofreci\u00f3 su colaboraci\u00f3n en materia de ordenaci\u00f3n de los espacios de aparcamiento en este mismo lugar.<\/p>\n","protected":false},"excerpt":{"rendered":"<div class=\"mh-excerpt\">Se han reunido este martes, 22 de octubre, en Cheste los representantes de todos los dispositivos implicados en garantizar la seguridad, durante los d\u00edas en los que se celebrar\u00e1 el Gran Premio de Motociclismo 2024, <a class=\"mh-excerpt-more\" href=\"https:\/\/www.tucomarca.com\/wordpress\/segunda\/cheste-celebra-la-junta-de-seguridad-con-motivo-del-gran-premio-de-motociclismo-2024\/\" title=\"Cheste celebra la Junta de seguridad con motivo del Gran Premio de Motociclismo 2024\">[+] <\/a><\/div>\n","protected":false},"author":12,"featured_media":241328,"comment_status":"open","ping_status":"open","sticky":false,"template":"","format":"gallery","meta":{"footnotes":""},"categories":[17,6,128,8,72,10,91,142,3,45],"tags":[339,19919,19899,5952],"class_list":{"0":"post-241325","1":"post","2":"type-post","3":"status-publish","4":"format-gallery","5":"has-post-thumbnail","7":"category-cheste","8":"category-deportes","9":"category-infraestructuras","10":"category-la-comarca","11":"category-sin-categorizar","12":"category-la-hoya","13":"category-motociclismo","14":"category-politica-la-comarca","15":"category-seccion","16":"category-ventana","17":"tag-cheste-2","18":"tag-dispositivo-de-seguridad-motogp","19":"tag-gran-premio-de-cheste","20":"tag-la-hoya-de-bunol-chiva","21":"post_format-post-format-gallery"},"_links":{"self":[{"href":"https:\/\/www.tucomarca.com\/wordpress\/segunda\/wp-json\/wp\/v2\/posts\/241325","targetHints":{"allow":["GET"]}}],"collection":[{"href":"https:\/\/www.tucomarca.com\/wordpress\/segunda\/wp-json\/wp\/v2\/posts"}],"about":[{"href":"https:\/\/www.tucomarca.com\/wordpress\/segunda\/wp-json\/wp\/v2\/types\/post"}],"author":[{"embeddable":true,"href":"https:\/\/www.tucomarca.com\/wordpress\/segunda\/wp-json\/wp\/v2\/users\/12"}],"replies":[{"embeddable":true,"href":"https:\/\/www.tucomarca.com\/wordpress\/segunda\/wp-json\/wp\/v2\/comments?post=241325"}],"version-history":[{"count":0,"href":"https:\/\/www.tucomarca.com\/wordpress\/segunda\/wp-json\/wp\/v2\/posts\/241325\/revisions"}],"wp:featuredmedia":[{"embeddable":true,"href":"https:\/\/www.tucomarca.com\/wordpress\/segunda\/wp-json\/wp\/v2\/media\/241328"}],"wp:attachment":[{"href":"https:\/\/www.tucomarca.com\/wordpress\/segunda\/wp-json\/wp\/v2\/media?parent=241325"}],"wp:term":[{"taxonomy":"category","embeddable":true,"href":"https:\/\/www.tucomarca.com\/wordpress\/segunda\/wp-json\/wp\/v2\/categories?post=241325"},{"taxonomy":"post_tag","embeddable":true,"href":"https:\/\/www.tucomarca.com\/wordpress\/segunda\/wp-json\/wp\/v2\/tags?post=241325"}],"curies":[{"name":"wp","href":"https:\/\/api.w.org\/{rel}","templated":true}]}}