{"id":241351,"date":"2024-10-23T10:30:00","date_gmt":"2024-10-23T08:30:00","guid":{"rendered":"https:\/\/www.tucomarca.com\/wordpress\/segunda\/?p=241351"},"modified":"2024-10-23T10:44:07","modified_gmt":"2024-10-23T08:44:07","slug":"desmantelado-en-carlet-un-narcopiso-okupado-que-proveia-heroina-y-cocaina-base","status":"publish","type":"post","link":"https:\/\/www.tucomarca.com\/wordpress\/segunda\/desmantelado-en-carlet-un-narcopiso-okupado-que-proveia-heroina-y-cocaina-base\/","title":{"rendered":"Desmantelado en Carlet un narcopiso okupado que prove\u00eda hero\u00edna y coca\u00edna base\u00a0"},"content":{"rendered":"\n<p><strong>Seg\u00fan informan desde la Comandancia de la Guardia Civil de Valencia, la detenida menudeaba con las drogas en presencia de su hijo menor de edad<\/strong><\/p>\n\n\n\n<p>La Guardia Civil de Valencia, en el marco de la operaci\u00f3n \u201cLEGATEROS\u201d, detiene a una mujer de 29 a\u00f1os que traficaba con hero\u00edna y coca\u00edna base en presencia de su hijo menor de edad.<\/p>\n\n\n\n<p>La investigaci\u00f3n comenz\u00f3 a principios de verano de 2024, dentro de un barrio del municipio de Carlet en el que son recurrentes las actuaciones policiales destinadas a reprender el tr\u00e1fico de sustancias prohibidas. En concreto, se tuvo conocimiento de un punto de venta muy activo en un piso que estaba okupado.<\/p>\n\n\n\n<p>La actividad del menudeo supone la degradaci\u00f3n del barrio donde tiene lugar, pues aumentan otros delitos conexos, tales como los robos con violencia. Igualmente aumenta la inseguridad por la afluencia de personas adictas a estas sustancias.<\/p>\n\n\n\n<p>Fruto de la investigaci\u00f3n, se pudo comprobar que la persona detr\u00e1s del punto de venta era una mujer de 29 a\u00f1os, que adem\u00e1s estaba okupando una vivienda en contra de la voluntad de su leg\u00edtimo propietario. Adem\u00e1s, los agentes observaron que en muchas ocasiones el hijo menor de edad de esta mujer presenciaba los intercambios y las labores de manipulaci\u00f3n de droga.<\/p>\n\n\n\n<p>Los padres de esa misma mujer ya hab\u00edan sido investigados en otras ocasiones en a\u00f1os anteriores por esa misma pr\u00e1ctica delictiva. Los guardias civiles encargados de la investigaci\u00f3n pudieron constatar la pericia y experiencia de esta persona en el tr\u00e1fico de drogas pese a su edad. Igualmente advirtieron que se empleaba a varios menores para dar la voz de alarma ante la proximidad de la presencia policial.<\/p>\n\n\n\n<p>El d\u00eda 3 de octubre se practic\u00f3 una entrada y registro en el inmueble. Dentro se encontraba la ahora detenida, una mujer de 29 a\u00f1os junto con su hijo menor de edad. Se aprehendieron diversas cantidades de coca\u00edna y hero\u00edna en forma de roca, adem\u00e1s de b\u00e1sculas y elementos necesarios para la posterior distribuci\u00f3n y comercializaci\u00f3n.\u00a0<\/p>\n\n\n\n<p>Igualmente se comprob\u00f3 que ese inmueble carec\u00eda de los elementos necesarios para constituir una vivienda y se utilizaba de forma exclusiva para la venta de sustancias.<\/p>\n\n\n\n<p>Este operativo se enmarca dentro del plan de la lucha contra las drogas de la Guardia Civil, que trata de desmantelar los puntos de venta y menudeo, as\u00ed como la desarticulaci\u00f3n de grupos criminales y la detenci\u00f3n de los traficantes.&nbsp;<\/p>\n\n\n\n<p>Las diligencias fueron entregadas en el Juzgado de Primera Instancia e Instrucci\u00f3n n\u00famero 3 de Carlet.&nbsp;<\/p>\n","protected":false},"excerpt":{"rendered":"<div class=\"mh-excerpt\">Seg\u00fan informan desde la Comandancia de la Guardia Civil de Valencia, la detenida menudeaba con las drogas en presencia de su hijo menor de edad La Guardia Civil de Valencia, en el marco de la <a class=\"mh-excerpt-more\" href=\"https:\/\/www.tucomarca.com\/wordpress\/segunda\/desmantelado-en-carlet-un-narcopiso-okupado-que-proveia-heroina-y-cocaina-base\/\" title=\"Desmantelado en Carlet un narcopiso okupado que prove\u00eda hero\u00edna y coca\u00edna base\u00a0\">[+] <\/a><\/div>\n","protected":false},"author":1,"featured_media":241352,"comment_status":"open","ping_status":"open","sticky":false,"template":"","format":"standard","meta":{"footnotes":""},"categories":[291,8,72,42,3,116,45],"tags":[],"class_list":{"0":"post-241351","1":"post","2":"type-post","3":"status-publish","4":"format-standard","5":"has-post-thumbnail","7":"category-carlet","8":"category-la-comarca","9":"category-sin-categorizar","10":"category-la-ribera","11":"category-seccion","12":"category-sucesos-la-comarca","13":"category-ventana"},"_links":{"self":[{"href":"https:\/\/www.tucomarca.com\/wordpress\/segunda\/wp-json\/wp\/v2\/posts\/241351","targetHints":{"allow":["GET"]}}],"collection":[{"href":"https:\/\/www.tucomarca.com\/wordpress\/segunda\/wp-json\/wp\/v2\/posts"}],"about":[{"href":"https:\/\/www.tucomarca.com\/wordpress\/segunda\/wp-json\/wp\/v2\/types\/post"}],"author":[{"embeddable":true,"href":"https:\/\/www.tucomarca.com\/wordpress\/segunda\/wp-json\/wp\/v2\/users\/1"}],"replies":[{"embeddable":true,"href":"https:\/\/www.tucomarca.com\/wordpress\/segunda\/wp-json\/wp\/v2\/comments?post=241351"}],"version-history":[{"count":0,"href":"https:\/\/www.tucomarca.com\/wordpress\/segunda\/wp-json\/wp\/v2\/posts\/241351\/revisions"}],"wp:featuredmedia":[{"embeddable":true,"href":"https:\/\/www.tucomarca.com\/wordpress\/segunda\/wp-json\/wp\/v2\/media\/241352"}],"wp:attachment":[{"href":"https:\/\/www.tucomarca.com\/wordpress\/segunda\/wp-json\/wp\/v2\/media?parent=241351"}],"wp:term":[{"taxonomy":"category","embeddable":true,"href":"https:\/\/www.tucomarca.com\/wordpress\/segunda\/wp-json\/wp\/v2\/categories?post=241351"},{"taxonomy":"post_tag","embeddable":true,"href":"https:\/\/www.tucomarca.com\/wordpress\/segunda\/wp-json\/wp\/v2\/tags?post=241351"}],"curies":[{"name":"wp","href":"https:\/\/api.w.org\/{rel}","templated":true}]}}