{"id":241398,"date":"2024-10-23T09:05:00","date_gmt":"2024-10-23T07:05:00","guid":{"rendered":"https:\/\/www.tucomarca.com\/wordpress\/segunda\/?p=241398"},"modified":"2024-10-23T14:10:15","modified_gmt":"2024-10-23T12:10:15","slug":"chiva-presenta-la-ii-gala-del-comercio-con-una-noche-de-humor","status":"publish","type":"post","link":"https:\/\/www.tucomarca.com\/wordpress\/segunda\/chiva-presenta-la-ii-gala-del-comercio-con-una-noche-de-humor\/","title":{"rendered":"Chiva presenta la II Gala del Comercio con una noche de humor"},"content":{"rendered":"<div class=\"wp-block-image\">\n<figure class=\"alignleft size-large is-resized\"><img loading=\"lazy\" decoding=\"async\" width=\"725\" height=\"1024\" src=\"https:\/\/www.tucomarca.com\/wordpress\/segunda\/wp-content\/uploads\/2024\/10\/ChivaGalaComercio-725x1024.jpg\" alt=\"\" class=\"wp-image-241414\" style=\"width:331px;height:auto\" srcset=\"https:\/\/www.tucomarca.com\/wordpress\/segunda\/wp-content\/uploads\/2024\/10\/ChivaGalaComercio-725x1024.jpg 725w, https:\/\/www.tucomarca.com\/wordpress\/segunda\/wp-content\/uploads\/2024\/10\/ChivaGalaComercio-212x300.jpg 212w, https:\/\/www.tucomarca.com\/wordpress\/segunda\/wp-content\/uploads\/2024\/10\/ChivaGalaComercio-768x1085.jpg 768w, https:\/\/www.tucomarca.com\/wordpress\/segunda\/wp-content\/uploads\/2024\/10\/ChivaGalaComercio.jpg 886w\" sizes=\"auto, (max-width: 725px) 100vw, 725px\" \/><\/figure>\n<\/div>\n\n\n<p>El pr\u00f3ximo 25 de octubre a las 22,30h, el Teatro Astoria de Chiva acoger\u00e1 la II Gala del Comercio, un evento lleno de diversi\u00f3n y entretenimiento. La gala contar\u00e1 con las actuaciones de los humoristas \u00d3scar Tramoyeres y Jes\u00fas Manzano, quienes prometen una noche inolvidable.<\/p>\n\n\n\n<p>El precio de la entrada es de 5 \u20ac, y los puntos de venta son las farmacias Mi\u00f1ana, Elorriaga, y Roc\u00edo Castillo.<\/p>\n","protected":false},"excerpt":{"rendered":"<div class=\"mh-excerpt\">El pr\u00f3ximo 25 de octubre a las 22,30h, el Teatro Astoria de Chiva acoger\u00e1 la II Gala del Comercio, un evento lleno de diversi\u00f3n y entretenimiento. La gala contar\u00e1 con las actuaciones de los humoristas <a class=\"mh-excerpt-more\" href=\"https:\/\/www.tucomarca.com\/wordpress\/segunda\/chiva-presenta-la-ii-gala-del-comercio-con-una-noche-de-humor\/\" title=\"Chiva presenta la II Gala del Comercio con una noche de humor\">[+] <\/a><\/div>\n","protected":false},"author":12,"featured_media":241414,"comment_status":"open","ping_status":"open","sticky":false,"template":"","format":"standard","meta":{"footnotes":""},"categories":[4,16,8,10,7,3],"tags":[10384,21428,5952],"class_list":{"0":"post-241398","1":"post","2":"type-post","3":"status-publish","4":"format-standard","5":"has-post-thumbnail","7":"category-agenda","8":"category-chiva","9":"category-la-comarca","10":"category-la-hoya","11":"category-ocio-y-cultura","12":"category-seccion","13":"tag-chiva","14":"tag-ii-gala-del-comercio-de-chiva","15":"tag-la-hoya-de-bunol-chiva"},"_links":{"self":[{"href":"https:\/\/www.tucomarca.com\/wordpress\/segunda\/wp-json\/wp\/v2\/posts\/241398","targetHints":{"allow":["GET"]}}],"collection":[{"href":"https:\/\/www.tucomarca.com\/wordpress\/segunda\/wp-json\/wp\/v2\/posts"}],"about":[{"href":"https:\/\/www.tucomarca.com\/wordpress\/segunda\/wp-json\/wp\/v2\/types\/post"}],"author":[{"embeddable":true,"href":"https:\/\/www.tucomarca.com\/wordpress\/segunda\/wp-json\/wp\/v2\/users\/12"}],"replies":[{"embeddable":true,"href":"https:\/\/www.tucomarca.com\/wordpress\/segunda\/wp-json\/wp\/v2\/comments?post=241398"}],"version-history":[{"count":0,"href":"https:\/\/www.tucomarca.com\/wordpress\/segunda\/wp-json\/wp\/v2\/posts\/241398\/revisions"}],"wp:featuredmedia":[{"embeddable":true,"href":"https:\/\/www.tucomarca.com\/wordpress\/segunda\/wp-json\/wp\/v2\/media\/241414"}],"wp:attachment":[{"href":"https:\/\/www.tucomarca.com\/wordpress\/segunda\/wp-json\/wp\/v2\/media?parent=241398"}],"wp:term":[{"taxonomy":"category","embeddable":true,"href":"https:\/\/www.tucomarca.com\/wordpress\/segunda\/wp-json\/wp\/v2\/categories?post=241398"},{"taxonomy":"post_tag","embeddable":true,"href":"https:\/\/www.tucomarca.com\/wordpress\/segunda\/wp-json\/wp\/v2\/tags?post=241398"}],"curies":[{"name":"wp","href":"https:\/\/api.w.org\/{rel}","templated":true}]}}